{"id":1584,"date":"2025-03-24T12:25:44","date_gmt":"2025-03-24T11:25:44","guid":{"rendered":"https:\/\/agora.xtec.cat\/escolacancladellas\/?p=1584"},"modified":"2025-11-14T10:15:55","modified_gmt":"2025-11-14T09:15:55","slug":"carnestoltes-2","status":"publish","type":"post","link":"https:\/\/agora.xtec.cat\/escolacancladellas\/portada\/carnestoltes-2\/","title":{"rendered":"Carnestoltes"},"content":{"rendered":"<p><strong>La Setmana de Carnestoltes a la nostra escola!<\/strong><\/p>\n<p>Aquesta setmana ha estat molt especial a la nostra escola, ja que hem celebrat el Carnestoltes amb molta alegria i diversi\u00f3! Com cada any, hem seguit les consignes que els alumnes de 6\u00e8 ens han preparat, i cada dia ha estat una sorpresa!<\/p>\n<p>Els alumnes de 6\u00e8, amb molta creativitat i entusiasme, ens han explicat les consignes per a cada dia de la setmana. Han preparat un missatge divertit i engrescador per animar a tothom a participar. Ha estat genial veure com tota l\u2019escola s\u2019ha implicat i ha seguit les instruccions amb molt d\u2019entusiasme.<\/p>\n<p><span style=\"font-family: inherit; font-size: 1em;\">Cada dia ha estat una oportunitat per deixar volar la imaginaci\u00f3 i gaudir del Carnestoltes d\u2019una manera diferent. Ha estat incre\u00efble veure la creativitat de tots els alumnes i mestres a l\u2019hora de seguir les consignes.<\/span><\/p>\n<p>I finalment, el divendres, hem culminat la setmana amb la gran festa de disfresses! L\u2019escola s\u2019ha omplert de colors, alegria i molta diversi\u00f3. Els alumnes han llu\u00eft les seves disfresses amb molta il\u00b7lusi\u00f3 i hem gaudit d\u2019una tarda plena d\u2019activitats, m\u00fasica i ball. A m\u00e9s, ens ha visitat la <strong>Reina Beluga<\/strong>, que ha donat inici a la festa de Carnestoltes amb la seva energia i entusiasme. Ha estat un moment molt especial per a tots!<\/p>\n<p>Volem felicitar els alumnes de 6\u00e8 per la seva gran tasca en preparar aquesta setmana tan especial i tamb\u00e9 a tots els alumnes i mestres per la seva participaci\u00f3 i entusiasme. Ha estat una setmana inoblidable!<\/p>\n<p>Fins l\u2019any vinent, Carnestoltes!<\/p>\n<p style=\"text-align: center;\"><a href=\"https:\/\/drive.google.com\/drive\/folders\/1spL_EIKWJQCafIKcNH-CqgleNYGsTyM6?usp=sharing\"><img loading=\"lazy\" decoding=\"async\" class=\"alignnone wp-image-1585\" src=\"https:\/\/agora.xtec.cat\/escolacancladellas\/wp-content\/uploads\/usu1872\/2025\/03\/Fotografies-1024x1024.png\" alt=\"\" width=\"395\" height=\"395\" srcset=\"https:\/\/agora.xtec.cat\/escolacancladellas\/wp-content\/uploads\/usu1872\/2025\/03\/Fotografies-1024x1024.png 1024w, https:\/\/agora.xtec.cat\/escolacancladellas\/wp-content\/uploads\/usu1872\/2025\/03\/Fotografies-300x300.png 300w, https:\/\/agora.xtec.cat\/escolacancladellas\/wp-content\/uploads\/usu1872\/2025\/03\/Fotografies-150x150.png 150w, https:\/\/agora.xtec.cat\/escolacancladellas\/wp-content\/uploads\/usu1872\/2025\/03\/Fotografies-768x768.png 768w, https:\/\/agora.xtec.cat\/escolacancladellas\/wp-content\/uploads\/usu1872\/2025\/03\/Fotografies.png 1181w\" sizes=\"auto, (max-width: 395px) 100vw, 395px\" \/><\/a><\/p>\n<p>Podeu veure m\u00e9s fotografies al blog de cada cicle:<\/p>\n<ul>\n<li><a href=\"https:\/\/elspetitsdecancladellas.blogspot.com\/\">Infantil<\/a><\/li>\n<li><a href=\"https:\/\/cancladellasinicial.blogspot.com\/2025\/03\/carnestoltes-2025.html\">Inicial<\/a><\/li>\n<li><a href=\"https:\/\/cancladellasmitja.blogspot.com\/\">Mitj\u00e0<\/a><\/li>\n<li><a href=\"https:\/\/cancladellasciclesuperior.blogspot.com\/2025\/03\/carnestoltes.html\">Superior<\/a><\/li>\n<\/ul>\n","protected":false},"excerpt":{"rendered":"<p>La Setmana de Carnestoltes a la nostra escola! Aquesta setmana ha estat molt especial a la nostra escola, ja que hem celebrat el Carnestoltes amb molta alegria i diversi\u00f3! Com cada any, hem seguit les consignes que els alumnes de 6\u00e8 ens han preparat, i cada dia ha estat una sorpresa! Els alumnes de 6\u00e8, [&hellip;]<\/p>\n","protected":false},"author":1,"featured_media":1585,"comment_status":"open","ping_status":"closed","sticky":false,"template":"","format":"standard","meta":{"_bbp_topic_count":0,"_bbp_reply_count":0,"_bbp_total_topic_count":0,"_bbp_total_reply_count":0,"_bbp_voice_count":0,"_bbp_anonymous_reply_count":0,"_bbp_topic_count_hidden":0,"_bbp_reply_count_hidden":0,"_bbp_forum_subforum_count":0,"site-sidebar-layout":"default","site-content-layout":"","ast-site-content-layout":"default","site-content-style":"default","site-sidebar-style":"default","ast-global-header-display":"","ast-banner-title-visibility":"","ast-main-header-display":"","ast-hfb-above-header-display":"","ast-hfb-below-header-display":"","ast-hfb-mobile-header-display":"","site-post-title":"","ast-breadcrumbs-content":"","ast-featured-img":"","footer-sml-layout":"","theme-transparent-header-meta":"default","adv-header-id-meta":"","stick-header-meta":"","header-above-stick-meta":"","header-main-stick-meta":"","header-below-stick-meta":"","astra-migrate-meta-layouts":"set","ast-page-background-enabled":"default","ast-page-background-meta":{"desktop":{"background-color":"var(--ast-global-color-4)","background-image":"","background-repeat":"repeat","background-position":"center center","background-size":"auto","background-attachment":"scroll","background-type":"","background-media":"","overlay-type":"","overlay-color":"","overlay-opacity":"","overlay-gradient":""},"tablet":{"background-color":"","background-image":"","background-repeat":"repeat","background-position":"center center","background-size":"auto","background-attachment":"scroll","background-type":"","background-media":"","overlay-type":"","overlay-color":"","overlay-opacity":"","overlay-gradient":""},"mobile":{"background-color":"","background-image":"","background-repeat":"repeat","background-position":"center center","background-size":"auto","background-attachment":"scroll","background-type":"","background-media":"","overlay-type":"","overlay-color":"","overlay-opacity":"","overlay-gradient":""}},"ast-content-background-meta":{"desktop":{"background-color":"var(--ast-global-color-5)","background-image":"","background-repeat":"repeat","background-position":"center center","background-size":"auto","background-attachment":"scroll","background-type":"","background-media":"","overlay-type":"","overlay-color":"","overlay-opacity":"","overlay-gradient":""},"tablet":{"background-color":"var(--ast-global-color-5)","background-image":"","background-repeat":"repeat","background-position":"center center","background-size":"auto","background-attachment":"scroll","background-type":"","background-media":"","overlay-type":"","overlay-color":"","overlay-opacity":"","overlay-gradient":""},"mobile":{"background-color":"var(--ast-global-color-5)","background-image":"","background-repeat":"repeat","background-position":"center center","background-size":"auto","background-attachment":"scroll","background-type":"","background-media":"","overlay-type":"","overlay-color":"","overlay-opacity":"","overlay-gradient":""}},"footnotes":""},"categories":[4],"tags":[73,63],"class_list":["post-1584","post","type-post","status-publish","format-standard","has-post-thumbnail","hentry","category-portada","tag-carnestoltes","tag-festes"],"post_mailing_queue_ids":[],"_links":{"self":[{"href":"https:\/\/agora.xtec.cat\/escolacancladellas\/wp-json\/wp\/v2\/posts\/1584","targetHints":{"allow":["GET"]}}],"collection":[{"href":"https:\/\/agora.xtec.cat\/escolacancladellas\/wp-json\/wp\/v2\/posts"}],"about":[{"href":"https:\/\/agora.xtec.cat\/escolacancladellas\/wp-json\/wp\/v2\/types\/post"}],"author":[{"embeddable":true,"href":"https:\/\/agora.xtec.cat\/escolacancladellas\/wp-json\/wp\/v2\/users\/1"}],"replies":[{"embeddable":true,"href":"https:\/\/agora.xtec.cat\/escolacancladellas\/wp-json\/wp\/v2\/comments?post=1584"}],"version-history":[{"count":1,"href":"https:\/\/agora.xtec.cat\/escolacancladellas\/wp-json\/wp\/v2\/posts\/1584\/revisions"}],"predecessor-version":[{"id":1586,"href":"https:\/\/agora.xtec.cat\/escolacancladellas\/wp-json\/wp\/v2\/posts\/1584\/revisions\/1586"}],"wp:featuredmedia":[{"embeddable":true,"href":"https:\/\/agora.xtec.cat\/escolacancladellas\/wp-json\/wp\/v2\/media\/1585"}],"wp:attachment":[{"href":"https:\/\/agora.xtec.cat\/escolacancladellas\/wp-json\/wp\/v2\/media?parent=1584"}],"wp:term":[{"taxonomy":"category","embeddable":true,"href":"https:\/\/agora.xtec.cat\/escolacancladellas\/wp-json\/wp\/v2\/categories?post=1584"},{"taxonomy":"post_tag","embeddable":true,"href":"https:\/\/agora.xtec.cat\/escolacancladellas\/wp-json\/wp\/v2\/tags?post=1584"}],"curies":[{"name":"wp","href":"https:\/\/api.w.org\/{rel}","templated":true}]}}