{"id":1514,"date":"2024-02-24T19:46:43","date_gmt":"2024-02-24T18:46:43","guid":{"rendered":"https:\/\/agora.xtec.cat\/escolacancladellas\/?p=1514"},"modified":"2024-02-24T19:46:43","modified_gmt":"2024-02-24T18:46:43","slug":"carnestoltes","status":"publish","type":"post","link":"https:\/\/agora.xtec.cat\/escolacancladellas\/portada\/carnestoltes\/","title":{"rendered":"Carnestoltes"},"content":{"rendered":"<p>Una setmana de carnestoltes a l&#8217;escola, genial!<\/p>\n<p>Quina emoci\u00f3! La setmana de carnestoltes a l&#8217;escola \u00e9s com un festival de colors, disfresses i diversi\u00f3 sense l\u00edmits.<\/p>\n<p>Els passadissos de l&#8217;escola es converteixen en una passarel\u00b7la de personatges estranys i divertits. Hi ha pirates, princeses, superherois i fins i tot alg\u00fa que no sabem ben b\u00e9 qu\u00e8 \u00e9s, per\u00f2 que fa riure a tothom.<\/p>\n<p>Les classes es converteixen en un circ, amb professors disfressats de clowns i alumnes fent malabarismes amb els seus llibres i apunts. Fins i tot les matem\u00e0tiques semblen m\u00e9s divertides quan est\u00e0s disfressat de ninja.<\/p>\n<p>I qu\u00e8 dir de la festa de disfresses? \u00c9s com la competici\u00f3 ol\u00edmpica de l&#8217;humor, on cada participant intenta superar-se a si mateix i sorprendre a tots amb la seva creativitat. No hi ha l\u00edmits per a la imaginaci\u00f3, i cada any les disfresses s\u00f3n m\u00e9s extravagants i sorprenents.<\/p>\n<p>Aix\u00ed que s\u00ed, una setmana de carnestoltes a l&#8217;escola \u00e9s genial. \u00c9s com una pausa en la rutina di\u00e0ria per deixar anar la creativitat i la bogeria. I qui sap, potser fins i tot aprenguem alguna cosa nova sobre nosaltres mateixos en el proc\u00e9s.<\/p>\n<p>La vida \u00e9s un carnestoltes, i nosaltres nom\u00e9s som els disfressats.<\/p>\n<p>(al blog de cada cicle trobareu m\u00e9s fotografies)<\/p>\n<p style=\"text-align: center;\"><iframe loading=\"lazy\" src=\"https:\/\/drive.google.com\/file\/d\/1UMHyICTZGQwkto_FM8ryz4updhcZfjlc\/preview\" width=\"640\" height=\"480\"><\/iframe><\/p>\n","protected":false},"excerpt":{"rendered":"<p>Una setmana de carnestoltes a l&#8217;escola, genial! Quina emoci\u00f3! La setmana de carnestoltes a l&#8217;escola \u00e9s com un festival de colors, disfresses i diversi\u00f3 sense l\u00edmits. Els passadissos de l&#8217;escola es converteixen en una passarel\u00b7la de personatges estranys i divertits. Hi ha pirates, princeses, superherois i fins i tot alg\u00fa que no sabem ben b\u00e9 [&hellip;]<\/p>\n","protected":false},"author":1,"featured_media":0,"comment_status":"open","ping_status":"closed","sticky":false,"template":"","format":"standard","meta":{"_bbp_topic_count":0,"_bbp_reply_count":0,"_bbp_total_topic_count":0,"_bbp_total_reply_count":0,"_bbp_voice_count":0,"_bbp_anonymous_reply_count":0,"_bbp_topic_count_hidden":0,"_bbp_reply_count_hidden":0,"_bbp_forum_subforum_count":0,"site-sidebar-layout":"default","site-content-layout":"","ast-site-content-layout":"","site-content-style":"default","site-sidebar-style":"default","ast-global-header-display":"","ast-banner-title-visibility":"","ast-main-header-display":"","ast-hfb-above-header-display":"","ast-hfb-below-header-display":"","ast-hfb-mobile-header-display":"","site-post-title":"","ast-breadcrumbs-content":"","ast-featured-img":"","footer-sml-layout":"","theme-transparent-header-meta":"","adv-header-id-meta":"","stick-header-meta":"","header-above-stick-meta":"","header-main-stick-meta":"","header-below-stick-meta":"","astra-migrate-meta-layouts":"default","ast-page-background-enabled":"default","ast-page-background-meta":{"desktop":{"background-color":"var(--ast-global-color-4)","background-image":"","background-repeat":"repeat","background-position":"center center","background-size":"auto","background-attachment":"scroll","background-type":"","background-media":"","overlay-type":"","overlay-color":"","overlay-opacity":"","overlay-gradient":""},"tablet":{"background-color":"","background-image":"","background-repeat":"repeat","background-position":"center center","background-size":"auto","background-attachment":"scroll","background-type":"","background-media":"","overlay-type":"","overlay-color":"","overlay-opacity":"","overlay-gradient":""},"mobile":{"background-color":"","background-image":"","background-repeat":"repeat","background-position":"center center","background-size":"auto","background-attachment":"scroll","background-type":"","background-media":"","overlay-type":"","overlay-color":"","overlay-opacity":"","overlay-gradient":""}},"ast-content-background-meta":{"desktop":{"background-color":"var(--ast-global-color-5)","background-image":"","background-repeat":"repeat","background-position":"center center","background-size":"auto","background-attachment":"scroll","background-type":"","background-media":"","overlay-type":"","overlay-color":"","overlay-opacity":"","overlay-gradient":""},"tablet":{"background-color":"var(--ast-global-color-5)","background-image":"","background-repeat":"repeat","background-position":"center center","background-size":"auto","background-attachment":"scroll","background-type":"","background-media":"","overlay-type":"","overlay-color":"","overlay-opacity":"","overlay-gradient":""},"mobile":{"background-color":"var(--ast-global-color-5)","background-image":"","background-repeat":"repeat","background-position":"center center","background-size":"auto","background-attachment":"scroll","background-type":"","background-media":"","overlay-type":"","overlay-color":"","overlay-opacity":"","overlay-gradient":""}},"footnotes":""},"categories":[4],"tags":[73,63],"class_list":["post-1514","post","type-post","status-publish","format-standard","hentry","category-portada","tag-carnestoltes","tag-festes"],"post_mailing_queue_ids":[],"_links":{"self":[{"href":"https:\/\/agora.xtec.cat\/escolacancladellas\/wp-json\/wp\/v2\/posts\/1514","targetHints":{"allow":["GET"]}}],"collection":[{"href":"https:\/\/agora.xtec.cat\/escolacancladellas\/wp-json\/wp\/v2\/posts"}],"about":[{"href":"https:\/\/agora.xtec.cat\/escolacancladellas\/wp-json\/wp\/v2\/types\/post"}],"author":[{"embeddable":true,"href":"https:\/\/agora.xtec.cat\/escolacancladellas\/wp-json\/wp\/v2\/users\/1"}],"replies":[{"embeddable":true,"href":"https:\/\/agora.xtec.cat\/escolacancladellas\/wp-json\/wp\/v2\/comments?post=1514"}],"version-history":[{"count":1,"href":"https:\/\/agora.xtec.cat\/escolacancladellas\/wp-json\/wp\/v2\/posts\/1514\/revisions"}],"predecessor-version":[{"id":1515,"href":"https:\/\/agora.xtec.cat\/escolacancladellas\/wp-json\/wp\/v2\/posts\/1514\/revisions\/1515"}],"wp:attachment":[{"href":"https:\/\/agora.xtec.cat\/escolacancladellas\/wp-json\/wp\/v2\/media?parent=1514"}],"wp:term":[{"taxonomy":"category","embeddable":true,"href":"https:\/\/agora.xtec.cat\/escolacancladellas\/wp-json\/wp\/v2\/categories?post=1514"},{"taxonomy":"post_tag","embeddable":true,"href":"https:\/\/agora.xtec.cat\/escolacancladellas\/wp-json\/wp\/v2\/tags?post=1514"}],"curies":[{"name":"wp","href":"https:\/\/api.w.org\/{rel}","templated":true}]}}