{"id":1501,"date":"2024-02-04T19:24:44","date_gmt":"2024-02-04T18:24:44","guid":{"rendered":"https:\/\/agora.xtec.cat\/escolacancladellas\/?p=1501"},"modified":"2024-02-25T17:47:38","modified_gmt":"2024-02-25T16:47:38","slug":"30-de-gener-dia-de-la-pau","status":"publish","type":"post","link":"https:\/\/agora.xtec.cat\/escolacancladellas\/portada\/30-de-gener-dia-de-la-pau\/","title":{"rendered":"30 de gener. Dia de la pau"},"content":{"rendered":"<p>30 de gener, dia de la pau a les escoles<\/p>\n<p>El 30 de gener \u00e9s un dia especial en les escoles. \u00c9s el dia de la pau, una jornada dedicada a promoure la pau, la no viol\u00e8ncia i el respecte entre els infants. Aquesta celebraci\u00f3 t\u00e9 com a objectiu fomentar la conviv\u00e8ncia pac\u00edfica i la resoluci\u00f3 no violenta dels conflictes, aix\u00ed com conscienciar sobre la import\u00e0ncia de construir un m\u00f3n m\u00e9s just i igualitari.<\/p>\n<p>La celebraci\u00f3 del dia de la pau a les escoles tamb\u00e9 \u00e9s una oportunitat per reflexionar sobre els reptes i les amenaces que afecten la pau a nivell global. Des de la discriminaci\u00f3 i el racisme fins als conflictes armats i la desigualtat social, els infants s&#8217;animen a analitzar les causes de la viol\u00e8ncia i a buscar solucions pac\u00edfiques i constructives.<\/p>\n<p>A m\u00e9s, aquest dia tamb\u00e9 serveix per honorar la mem\u00f2ria de totes aquelles persones que han lluitat i continuen lluitant per la pau i els drets humans arreu del m\u00f3n. \u00c9s un moment per recordar la import\u00e0ncia de la solidaritat i la col\u00b7laboraci\u00f3 entre les persones i les comunitats, aix\u00ed com per recon\u00e8ixer el valor de la toler\u00e0ncia i la diversitat en la construcci\u00f3 d&#8217;un m\u00f3n m\u00e9s harm\u00f2nic.<\/p>\n<p style=\"text-align: center;\"><iframe loading=\"lazy\" src=\"https:\/\/drive.google.com\/file\/d\/16PU0yHH8dokwfvDXRLnHIjstF5BHv9Wg\/preview\" width=\"640\" height=\"480\"><\/iframe><\/p>\n<p style=\"text-align: center;\"><a href=\"https:\/\/drive.google.com\/drive\/folders\/1v0jAkNUSxeLss0r0zq1ckFoxlv7G-c7p?usp=sharing\">Aqu\u00ed teniu unes quantes fotografies del Dia de la Pau<\/a><\/p>\n<p>&nbsp;<\/p>\n<p>&nbsp;<\/p>\n","protected":false},"excerpt":{"rendered":"<p>30 de gener, dia de la pau a les escoles El 30 de gener \u00e9s un dia especial en les escoles. \u00c9s el dia de la pau, una jornada dedicada a promoure la pau, la no viol\u00e8ncia i el respecte entre els infants. Aquesta celebraci\u00f3 t\u00e9 com a objectiu fomentar la conviv\u00e8ncia pac\u00edfica i la [&hellip;]<\/p>\n","protected":false},"author":1,"featured_media":0,"comment_status":"open","ping_status":"closed","sticky":false,"template":"","format":"standard","meta":{"_bbp_topic_count":0,"_bbp_reply_count":0,"_bbp_total_topic_count":0,"_bbp_total_reply_count":0,"_bbp_voice_count":0,"_bbp_anonymous_reply_count":0,"_bbp_topic_count_hidden":0,"_bbp_reply_count_hidden":0,"_bbp_forum_subforum_count":0,"site-sidebar-layout":"default","site-content-layout":"","ast-site-content-layout":"","site-content-style":"default","site-sidebar-style":"default","ast-global-header-display":"","ast-banner-title-visibility":"","ast-main-header-display":"","ast-hfb-above-header-display":"","ast-hfb-below-header-display":"","ast-hfb-mobile-header-display":"","site-post-title":"","ast-breadcrumbs-content":"","ast-featured-img":"","footer-sml-layout":"","theme-transparent-header-meta":"","adv-header-id-meta":"","stick-header-meta":"","header-above-stick-meta":"","header-main-stick-meta":"","header-below-stick-meta":"","astra-migrate-meta-layouts":"default","ast-page-background-enabled":"default","ast-page-background-meta":{"desktop":{"background-color":"var(--ast-global-color-4)","background-image":"","background-repeat":"repeat","background-position":"center center","background-size":"auto","background-attachment":"scroll","background-type":"","background-media":"","overlay-type":"","overlay-color":"","overlay-opacity":"","overlay-gradient":""},"tablet":{"background-color":"","background-image":"","background-repeat":"repeat","background-position":"center center","background-size":"auto","background-attachment":"scroll","background-type":"","background-media":"","overlay-type":"","overlay-color":"","overlay-opacity":"","overlay-gradient":""},"mobile":{"background-color":"","background-image":"","background-repeat":"repeat","background-position":"center center","background-size":"auto","background-attachment":"scroll","background-type":"","background-media":"","overlay-type":"","overlay-color":"","overlay-opacity":"","overlay-gradient":""}},"ast-content-background-meta":{"desktop":{"background-color":"var(--ast-global-color-5)","background-image":"","background-repeat":"repeat","background-position":"center center","background-size":"auto","background-attachment":"scroll","background-type":"","background-media":"","overlay-type":"","overlay-color":"","overlay-opacity":"","overlay-gradient":""},"tablet":{"background-color":"var(--ast-global-color-5)","background-image":"","background-repeat":"repeat","background-position":"center center","background-size":"auto","background-attachment":"scroll","background-type":"","background-media":"","overlay-type":"","overlay-color":"","overlay-opacity":"","overlay-gradient":""},"mobile":{"background-color":"var(--ast-global-color-5)","background-image":"","background-repeat":"repeat","background-position":"center center","background-size":"auto","background-attachment":"scroll","background-type":"","background-media":"","overlay-type":"","overlay-color":"","overlay-opacity":"","overlay-gradient":""}},"footnotes":""},"categories":[4],"tags":[63],"class_list":["post-1501","post","type-post","status-publish","format-standard","hentry","category-portada","tag-festes"],"post_mailing_queue_ids":[],"_links":{"self":[{"href":"https:\/\/agora.xtec.cat\/escolacancladellas\/wp-json\/wp\/v2\/posts\/1501","targetHints":{"allow":["GET"]}}],"collection":[{"href":"https:\/\/agora.xtec.cat\/escolacancladellas\/wp-json\/wp\/v2\/posts"}],"about":[{"href":"https:\/\/agora.xtec.cat\/escolacancladellas\/wp-json\/wp\/v2\/types\/post"}],"author":[{"embeddable":true,"href":"https:\/\/agora.xtec.cat\/escolacancladellas\/wp-json\/wp\/v2\/users\/1"}],"replies":[{"embeddable":true,"href":"https:\/\/agora.xtec.cat\/escolacancladellas\/wp-json\/wp\/v2\/comments?post=1501"}],"version-history":[{"count":3,"href":"https:\/\/agora.xtec.cat\/escolacancladellas\/wp-json\/wp\/v2\/posts\/1501\/revisions"}],"predecessor-version":[{"id":1517,"href":"https:\/\/agora.xtec.cat\/escolacancladellas\/wp-json\/wp\/v2\/posts\/1501\/revisions\/1517"}],"wp:attachment":[{"href":"https:\/\/agora.xtec.cat\/escolacancladellas\/wp-json\/wp\/v2\/media?parent=1501"}],"wp:term":[{"taxonomy":"category","embeddable":true,"href":"https:\/\/agora.xtec.cat\/escolacancladellas\/wp-json\/wp\/v2\/categories?post=1501"},{"taxonomy":"post_tag","embeddable":true,"href":"https:\/\/agora.xtec.cat\/escolacancladellas\/wp-json\/wp\/v2\/tags?post=1501"}],"curies":[{"name":"wp","href":"https:\/\/api.w.org\/{rel}","templated":true}]}}