{"id":1315,"date":"2021-11-04T09:44:46","date_gmt":"2021-11-04T08:44:46","guid":{"rendered":"https:\/\/agora.xtec.cat\/escolacancladellas\/?p=1315"},"modified":"2021-11-04T09:44:46","modified_gmt":"2021-11-04T08:44:46","slug":"castanyada-2021","status":"publish","type":"post","link":"https:\/\/agora.xtec.cat\/escolacancladellas\/portada\/castanyada-2021\/","title":{"rendered":"Castanyada 2021"},"content":{"rendered":"<p><a href=\"https:\/\/agora.xtec.cat\/escolacancladellas\/wp-content\/uploads\/usu1872\/2021\/10\/cekebrem.png\"><img loading=\"lazy\" decoding=\"async\" class=\"alignnone size-full wp-image-1316\" src=\"https:\/\/agora.xtec.cat\/escolacancladellas\/wp-content\/uploads\/usu1872\/2021\/10\/cekebrem.png\" alt=\"\" width=\"691\" height=\"197\" srcset=\"https:\/\/agora.xtec.cat\/escolacancladellas\/wp-content\/uploads\/usu1872\/2021\/10\/cekebrem.png 691w, https:\/\/agora.xtec.cat\/escolacancladellas\/wp-content\/uploads\/usu1872\/2021\/10\/cekebrem-300x86.png 300w\" sizes=\"auto, (max-width: 691px) 100vw, 691px\" \/><\/a><\/p>\n<p>Aquest divendres 29 d&#8217;octubre hem celebrat la castanyada a la nostra escola. Nens, nenes, professores i professors hem gaudit d&#8217;aquesta festa. Hem sortit al bosc, hem realitzat tallers, hem jugat, hem escoltat contes, hem ballat,&#8230;<\/p>\n<p>Si entreu a cada un dels blogs podreu trobar com ha celebrat aquesta festa cada cicle.<\/p>\n<p style=\"text-align: center;\"><a href=\"https:\/\/elspetitsdecancladellas.blogspot.com\/\" target=\"_blank\" rel=\"noopener\"><span style=\"color: #ff00ff;\">INFANTIL<\/span><\/a><\/p>\n<p style=\"text-align: center;\"><a href=\"http:\/\/cancladellasinicial.blogspot.com\/\" target=\"_blank\" rel=\"noopener\"><span style=\"color: #ff00ff;\">CICLE INICIAL<\/span><\/a><\/p>\n<p style=\"text-align: center;\"><a href=\"http:\/\/cancladellasmitja.blogspot.com\/\" target=\"_blank\" rel=\"noopener\"><span style=\"color: #ff00ff;\">CICLE MITJ\u00c0<\/span><\/a><\/p>\n<p style=\"text-align: center;\"><a href=\"http:\/\/cancladellasciclesuperior.blogspot.com\/\" target=\"_blank\" rel=\"noopener\"><span style=\"color: #ff00ff;\">CICLE SUPERIOR<\/span><\/a><\/p>\n<p>&nbsp;<\/p>\n<p><img loading=\"lazy\" decoding=\"async\" class=\"aligncenter\" src=\"https:\/\/3.bp.blogspot.com\/-Ctk4prkypuE\/WCjIsdrHivI\/AAAAAAAABO8\/Vl0bzcLB340j1kS2M3m5MoF7FZnbPS6PQCEw\/s1600\/Casta%25C3%25B1era%2B2.jpg\" alt=\"CON UN CARRITO Y UN L\u00c1PIZ: LA FIESTA DE LA CASTA\u00d1ERA: Or\u00edgenes y costumbres\" width=\"318\" height=\"271\" \/><\/p>\n","protected":false},"excerpt":{"rendered":"<p>Aquest divendres 29 d&#8217;octubre hem celebrat la castanyada a la nostra escola. Nens, nenes, professores i professors hem gaudit d&#8217;aquesta festa. Hem sortit al bosc, hem realitzat tallers, hem jugat, hem escoltat contes, hem ballat,&#8230; Si entreu a cada un dels blogs podreu trobar com ha celebrat aquesta festa cada cicle. INFANTIL CICLE INICIAL CICLE [&hellip;]<\/p>\n","protected":false},"author":1,"featured_media":0,"comment_status":"open","ping_status":"closed","sticky":false,"template":"","format":"standard","meta":{"_bbp_topic_count":0,"_bbp_reply_count":0,"_bbp_total_topic_count":0,"_bbp_total_reply_count":0,"_bbp_voice_count":0,"_bbp_anonymous_reply_count":0,"_bbp_topic_count_hidden":0,"_bbp_reply_count_hidden":0,"_bbp_forum_subforum_count":0,"site-sidebar-layout":"default","site-content-layout":"","ast-site-content-layout":"","site-content-style":"default","site-sidebar-style":"default","ast-global-header-display":"","ast-banner-title-visibility":"","ast-main-header-display":"","ast-hfb-above-header-display":"","ast-hfb-below-header-display":"","ast-hfb-mobile-header-display":"","site-post-title":"","ast-breadcrumbs-content":"","ast-featured-img":"","footer-sml-layout":"","theme-transparent-header-meta":"","adv-header-id-meta":"","stick-header-meta":"","header-above-stick-meta":"","header-main-stick-meta":"","header-below-stick-meta":"","astra-migrate-meta-layouts":"default","ast-page-background-enabled":"default","ast-page-background-meta":{"desktop":{"background-color":"var(--ast-global-color-4)","background-image":"","background-repeat":"repeat","background-position":"center center","background-size":"auto","background-attachment":"scroll","background-type":"","background-media":"","overlay-type":"","overlay-color":"","overlay-opacity":"","overlay-gradient":""},"tablet":{"background-color":"","background-image":"","background-repeat":"repeat","background-position":"center center","background-size":"auto","background-attachment":"scroll","background-type":"","background-media":"","overlay-type":"","overlay-color":"","overlay-opacity":"","overlay-gradient":""},"mobile":{"background-color":"","background-image":"","background-repeat":"repeat","background-position":"center center","background-size":"auto","background-attachment":"scroll","background-type":"","background-media":"","overlay-type":"","overlay-color":"","overlay-opacity":"","overlay-gradient":""}},"ast-content-background-meta":{"desktop":{"background-color":"var(--ast-global-color-5)","background-image":"","background-repeat":"repeat","background-position":"center center","background-size":"auto","background-attachment":"scroll","background-type":"","background-media":"","overlay-type":"","overlay-color":"","overlay-opacity":"","overlay-gradient":""},"tablet":{"background-color":"var(--ast-global-color-5)","background-image":"","background-repeat":"repeat","background-position":"center center","background-size":"auto","background-attachment":"scroll","background-type":"","background-media":"","overlay-type":"","overlay-color":"","overlay-opacity":"","overlay-gradient":""},"mobile":{"background-color":"var(--ast-global-color-5)","background-image":"","background-repeat":"repeat","background-position":"center center","background-size":"auto","background-attachment":"scroll","background-type":"","background-media":"","overlay-type":"","overlay-color":"","overlay-opacity":"","overlay-gradient":""}},"footnotes":""},"categories":[4],"tags":[],"class_list":["post-1315","post","type-post","status-publish","format-standard","hentry","category-portada"],"post_mailing_queue_ids":[],"_links":{"self":[{"href":"https:\/\/agora.xtec.cat\/escolacancladellas\/wp-json\/wp\/v2\/posts\/1315","targetHints":{"allow":["GET"]}}],"collection":[{"href":"https:\/\/agora.xtec.cat\/escolacancladellas\/wp-json\/wp\/v2\/posts"}],"about":[{"href":"https:\/\/agora.xtec.cat\/escolacancladellas\/wp-json\/wp\/v2\/types\/post"}],"author":[{"embeddable":true,"href":"https:\/\/agora.xtec.cat\/escolacancladellas\/wp-json\/wp\/v2\/users\/1"}],"replies":[{"embeddable":true,"href":"https:\/\/agora.xtec.cat\/escolacancladellas\/wp-json\/wp\/v2\/comments?post=1315"}],"version-history":[{"count":1,"href":"https:\/\/agora.xtec.cat\/escolacancladellas\/wp-json\/wp\/v2\/posts\/1315\/revisions"}],"predecessor-version":[{"id":1317,"href":"https:\/\/agora.xtec.cat\/escolacancladellas\/wp-json\/wp\/v2\/posts\/1315\/revisions\/1317"}],"wp:attachment":[{"href":"https:\/\/agora.xtec.cat\/escolacancladellas\/wp-json\/wp\/v2\/media?parent=1315"}],"wp:term":[{"taxonomy":"category","embeddable":true,"href":"https:\/\/agora.xtec.cat\/escolacancladellas\/wp-json\/wp\/v2\/categories?post=1315"},{"taxonomy":"post_tag","embeddable":true,"href":"https:\/\/agora.xtec.cat\/escolacancladellas\/wp-json\/wp\/v2\/tags?post=1315"}],"curies":[{"name":"wp","href":"https:\/\/api.w.org\/{rel}","templated":true}]}}