{"id":1260,"date":"2021-02-06T20:10:29","date_gmt":"2021-02-06T19:10:29","guid":{"rendered":"http:\/\/agora.xtec.cat\/escolacancladellas\/?p=1260"},"modified":"2021-02-06T20:10:29","modified_gmt":"2021-02-06T19:10:29","slug":"carnestoltes-2021","status":"publish","type":"post","link":"https:\/\/agora.xtec.cat\/escolacancladellas\/portada\/carnestoltes-2021\/","title":{"rendered":"Carnestoltes 2021"},"content":{"rendered":"<p style=\"text-align: center;\"><a href=\"https:\/\/agora.xtec.cat\/escolacancladellas\/wp-content\/uploads\/usu1872\/2021\/02\/revcms_render_image.jpg\"><img loading=\"lazy\" decoding=\"async\" class=\"alignnone wp-image-1261\" src=\"https:\/\/agora.xtec.cat\/escolacancladellas\/wp-content\/uploads\/usu1872\/2021\/02\/revcms_render_image.jpg\" alt=\"\" width=\"453\" height=\"302\" srcset=\"https:\/\/agora.xtec.cat\/escolacancladellas\/wp-content\/uploads\/usu1872\/2021\/02\/revcms_render_image.jpg 632w, https:\/\/agora.xtec.cat\/escolacancladellas\/wp-content\/uploads\/usu1872\/2021\/02\/revcms_render_image-300x200.jpg 300w\" sizes=\"auto, (max-width: 453px) 100vw, 453px\" \/><\/a><\/p>\n<p style=\"text-align: center;\">Els alumnes de 6\u00e8 ens han fet arribar amb un v\u00eddeo el preg\u00f3 i les consignes que hem de portar la setmana vinent (del 8 a l\u201911 de febrer) de part de la Reina Belluga i del Rei Carnestoltes.<\/p>\n<p><span style=\"font-size: large;\">Les CONSIGNES S\u00d3N:<\/span><\/p>\n<p><strong><span style=\"color: #ff9900;\">DILLUNS:<\/span><\/strong><span style=\"color: #6fa8dc;\">\u00a0<\/span>Vine com si anessis a la platja, potser et fa vergonya per\u00f2 tingues una mica de coratge! (flotadors, \u201cmanguitos\u201d, ulleres, barrets&#8230;.).<\/p>\n<p><strong><span style=\"color: #ff0000;\">DIMARTS:<\/span><\/strong> Portar\u00e0s el que ara et dir\u00e9: combina pijama i roba de carrer.<\/p>\n<p><strong><span style=\"color: #ff00ff;\">DIMECRES:<\/span><\/strong>\u00a0Vindr\u00e0s ben elegant i amb un detall extravagant.<\/p>\n<p><strong><span style=\"color: #9900ff;\">DIJOUS:<\/span><\/strong>\u00a0A l&#8217;escola vindr\u00e0s amb un pentinat original. Ja veur\u00e0s que b\u00e9 quedar\u00e0s!<\/p>\n<p>Cada tarda, un grup d&#8217;alumnes de sis\u00e8 passaran pels passadissos fent una mica de festa, ja que aquest any no poden entrar a les aules per comprovar si es compleix el mandat del Rei Carnestoltes i la Reina Belluga.<\/p>\n<p><span style=\"color: #ff9900; font-size: large;\"><strong>DIVENDRES 12 de FEBRER:<\/strong>\u00a0<\/span>Festa de carnestoltes. A la tarda farem la festa grossa.<\/p>\n<p>Vestiu-vos com vulgueu aix\u00ed molt riureu!!<\/p>\n<p style=\"text-align: center;\"><iframe loading=\"lazy\" src=\"https:\/\/drive.google.com\/file\/d\/1Qqudc7LjtyETKkWjxcDHblFH-iBrj2BK\/preview\" width=\"640\" height=\"480\"><\/iframe><\/p>\n<p>&nbsp;<\/p>\n","protected":false},"excerpt":{"rendered":"<p>Els alumnes de 6\u00e8 ens han fet arribar amb un v\u00eddeo el preg\u00f3 i les consignes que hem de portar la setmana vinent (del 8 a l\u201911 de febrer) de part de la Reina Belluga i del Rei Carnestoltes. Les CONSIGNES S\u00d3N: DILLUNS:\u00a0Vine com si anessis a la platja, potser et fa vergonya per\u00f2 tingues [&hellip;]<\/p>\n","protected":false},"author":1,"featured_media":0,"comment_status":"open","ping_status":"closed","sticky":false,"template":"","format":"standard","meta":{"_bbp_topic_count":0,"_bbp_reply_count":0,"_bbp_total_topic_count":0,"_bbp_total_reply_count":0,"_bbp_voice_count":0,"_bbp_anonymous_reply_count":0,"_bbp_topic_count_hidden":0,"_bbp_reply_count_hidden":0,"_bbp_forum_subforum_count":0,"site-sidebar-layout":"default","site-content-layout":"","ast-site-content-layout":"","site-content-style":"default","site-sidebar-style":"default","ast-global-header-display":"","ast-banner-title-visibility":"","ast-main-header-display":"","ast-hfb-above-header-display":"","ast-hfb-below-header-display":"","ast-hfb-mobile-header-display":"","site-post-title":"","ast-breadcrumbs-content":"","ast-featured-img":"","footer-sml-layout":"","theme-transparent-header-meta":"","adv-header-id-meta":"","stick-header-meta":"","header-above-stick-meta":"","header-main-stick-meta":"","header-below-stick-meta":"","astra-migrate-meta-layouts":"default","ast-page-background-enabled":"default","ast-page-background-meta":{"desktop":{"background-color":"var(--ast-global-color-4)","background-image":"","background-repeat":"repeat","background-position":"center center","background-size":"auto","background-attachment":"scroll","background-type":"","background-media":"","overlay-type":"","overlay-color":"","overlay-opacity":"","overlay-gradient":""},"tablet":{"background-color":"","background-image":"","background-repeat":"repeat","background-position":"center center","background-size":"auto","background-attachment":"scroll","background-type":"","background-media":"","overlay-type":"","overlay-color":"","overlay-opacity":"","overlay-gradient":""},"mobile":{"background-color":"","background-image":"","background-repeat":"repeat","background-position":"center center","background-size":"auto","background-attachment":"scroll","background-type":"","background-media":"","overlay-type":"","overlay-color":"","overlay-opacity":"","overlay-gradient":""}},"ast-content-background-meta":{"desktop":{"background-color":"var(--ast-global-color-5)","background-image":"","background-repeat":"repeat","background-position":"center center","background-size":"auto","background-attachment":"scroll","background-type":"","background-media":"","overlay-type":"","overlay-color":"","overlay-opacity":"","overlay-gradient":""},"tablet":{"background-color":"var(--ast-global-color-5)","background-image":"","background-repeat":"repeat","background-position":"center center","background-size":"auto","background-attachment":"scroll","background-type":"","background-media":"","overlay-type":"","overlay-color":"","overlay-opacity":"","overlay-gradient":""},"mobile":{"background-color":"var(--ast-global-color-5)","background-image":"","background-repeat":"repeat","background-position":"center center","background-size":"auto","background-attachment":"scroll","background-type":"","background-media":"","overlay-type":"","overlay-color":"","overlay-opacity":"","overlay-gradient":""}},"footnotes":""},"categories":[4],"tags":[73,63],"class_list":["post-1260","post","type-post","status-publish","format-standard","hentry","category-portada","tag-carnestoltes","tag-festes"],"post_mailing_queue_ids":[],"_links":{"self":[{"href":"https:\/\/agora.xtec.cat\/escolacancladellas\/wp-json\/wp\/v2\/posts\/1260","targetHints":{"allow":["GET"]}}],"collection":[{"href":"https:\/\/agora.xtec.cat\/escolacancladellas\/wp-json\/wp\/v2\/posts"}],"about":[{"href":"https:\/\/agora.xtec.cat\/escolacancladellas\/wp-json\/wp\/v2\/types\/post"}],"author":[{"embeddable":true,"href":"https:\/\/agora.xtec.cat\/escolacancladellas\/wp-json\/wp\/v2\/users\/1"}],"replies":[{"embeddable":true,"href":"https:\/\/agora.xtec.cat\/escolacancladellas\/wp-json\/wp\/v2\/comments?post=1260"}],"version-history":[{"count":1,"href":"https:\/\/agora.xtec.cat\/escolacancladellas\/wp-json\/wp\/v2\/posts\/1260\/revisions"}],"predecessor-version":[{"id":1262,"href":"https:\/\/agora.xtec.cat\/escolacancladellas\/wp-json\/wp\/v2\/posts\/1260\/revisions\/1262"}],"wp:attachment":[{"href":"https:\/\/agora.xtec.cat\/escolacancladellas\/wp-json\/wp\/v2\/media?parent=1260"}],"wp:term":[{"taxonomy":"category","embeddable":true,"href":"https:\/\/agora.xtec.cat\/escolacancladellas\/wp-json\/wp\/v2\/categories?post=1260"},{"taxonomy":"post_tag","embeddable":true,"href":"https:\/\/agora.xtec.cat\/escolacancladellas\/wp-json\/wp\/v2\/tags?post=1260"}],"curies":[{"name":"wp","href":"https:\/\/api.w.org\/{rel}","templated":true}]}}