{"id":1252,"date":"2021-01-10T21:21:03","date_gmt":"2021-01-10T20:21:03","guid":{"rendered":"http:\/\/agora.xtec.cat\/escolacancladellas\/?p=1252"},"modified":"2021-01-10T21:21:03","modified_gmt":"2021-01-10T20:21:03","slug":"21-de-desembre-de-2020","status":"publish","type":"post","link":"https:\/\/agora.xtec.cat\/escolacancladellas\/portada\/21-de-desembre-de-2020\/","title":{"rendered":"21 de desembre de 2020"},"content":{"rendered":"<p>Aquest any ha sigut diferent, No hem pogut fer els concerts de Nadal ni que vingueu a veure&#8217;ns, no ens hem pogut ajuntar i fer festa per\u00f2 hem intentat gaudir de l&#8217;\u00faltim dia, i ho hem aconseguit. Hem fet l&#8217;amic invisible, ha vingut el patge reial Jordi, hem cagat el ti\u00f3, hem fet manualitats i es ho hem passat d&#8217;all\u00f2 m\u00e9s b\u00e9. Voleu veure-ho?<\/p>\n<p style=\"text-align: center;\"><iframe loading=\"lazy\" src=\"https:\/\/drive.google.com\/file\/d\/1HyXSzy4HhQmAfnOJa90WB7fdS6fvrbRJ\/preview\" width=\"640\" height=\"480\"><\/iframe><\/p>\n<p>Si voleu veure m\u00e9s fotografies, cliqueu a la imatge.<\/p>\n<p style=\"text-align: center;\"><a href=\"https:\/\/photos.app.goo.gl\/V9zDgRfbwkM3r8hd8\"><img loading=\"lazy\" decoding=\"async\" class=\"alignnone size-full wp-image-1253\" src=\"https:\/\/agora.xtec.cat\/escolacancladellas\/wp-content\/uploads\/usu1872\/2021\/01\/bola-navidad-cristal-bc-ciervo-caja-12-uds-800x800.jpg\" alt=\"\" width=\"800\" height=\"800\" srcset=\"https:\/\/agora.xtec.cat\/escolacancladellas\/wp-content\/uploads\/usu1872\/2021\/01\/bola-navidad-cristal-bc-ciervo-caja-12-uds-800x800.jpg 800w, https:\/\/agora.xtec.cat\/escolacancladellas\/wp-content\/uploads\/usu1872\/2021\/01\/bola-navidad-cristal-bc-ciervo-caja-12-uds-800x800-150x150.jpg 150w, https:\/\/agora.xtec.cat\/escolacancladellas\/wp-content\/uploads\/usu1872\/2021\/01\/bola-navidad-cristal-bc-ciervo-caja-12-uds-800x800-300x300.jpg 300w, https:\/\/agora.xtec.cat\/escolacancladellas\/wp-content\/uploads\/usu1872\/2021\/01\/bola-navidad-cristal-bc-ciervo-caja-12-uds-800x800-768x768.jpg 768w\" sizes=\"auto, (max-width: 800px) 100vw, 800px\" \/><\/a><\/p>\n<p>&nbsp;<\/p>\n","protected":false},"excerpt":{"rendered":"<p>Aquest any ha sigut diferent, No hem pogut fer els concerts de Nadal ni que vingueu a veure&#8217;ns, no ens hem pogut ajuntar i fer festa per\u00f2 hem intentat gaudir de l&#8217;\u00faltim dia, i ho hem aconseguit. Hem fet l&#8217;amic invisible, ha vingut el patge reial Jordi, hem cagat el ti\u00f3, hem fet manualitats i [&hellip;]<\/p>\n","protected":false},"author":1,"featured_media":0,"comment_status":"open","ping_status":"closed","sticky":false,"template":"","format":"standard","meta":{"_bbp_topic_count":0,"_bbp_reply_count":0,"_bbp_total_topic_count":0,"_bbp_total_reply_count":0,"_bbp_voice_count":0,"_bbp_anonymous_reply_count":0,"_bbp_topic_count_hidden":0,"_bbp_reply_count_hidden":0,"_bbp_forum_subforum_count":0,"site-sidebar-layout":"default","site-content-layout":"","ast-site-content-layout":"","site-content-style":"default","site-sidebar-style":"default","ast-global-header-display":"","ast-banner-title-visibility":"","ast-main-header-display":"","ast-hfb-above-header-display":"","ast-hfb-below-header-display":"","ast-hfb-mobile-header-display":"","site-post-title":"","ast-breadcrumbs-content":"","ast-featured-img":"","footer-sml-layout":"","theme-transparent-header-meta":"","adv-header-id-meta":"","stick-header-meta":"","header-above-stick-meta":"","header-main-stick-meta":"","header-below-stick-meta":"","astra-migrate-meta-layouts":"default","ast-page-background-enabled":"default","ast-page-background-meta":{"desktop":{"background-color":"var(--ast-global-color-4)","background-image":"","background-repeat":"repeat","background-position":"center center","background-size":"auto","background-attachment":"scroll","background-type":"","background-media":"","overlay-type":"","overlay-color":"","overlay-opacity":"","overlay-gradient":""},"tablet":{"background-color":"","background-image":"","background-repeat":"repeat","background-position":"center center","background-size":"auto","background-attachment":"scroll","background-type":"","background-media":"","overlay-type":"","overlay-color":"","overlay-opacity":"","overlay-gradient":""},"mobile":{"background-color":"","background-image":"","background-repeat":"repeat","background-position":"center center","background-size":"auto","background-attachment":"scroll","background-type":"","background-media":"","overlay-type":"","overlay-color":"","overlay-opacity":"","overlay-gradient":""}},"ast-content-background-meta":{"desktop":{"background-color":"var(--ast-global-color-5)","background-image":"","background-repeat":"repeat","background-position":"center center","background-size":"auto","background-attachment":"scroll","background-type":"","background-media":"","overlay-type":"","overlay-color":"","overlay-opacity":"","overlay-gradient":""},"tablet":{"background-color":"var(--ast-global-color-5)","background-image":"","background-repeat":"repeat","background-position":"center center","background-size":"auto","background-attachment":"scroll","background-type":"","background-media":"","overlay-type":"","overlay-color":"","overlay-opacity":"","overlay-gradient":""},"mobile":{"background-color":"var(--ast-global-color-5)","background-image":"","background-repeat":"repeat","background-position":"center center","background-size":"auto","background-attachment":"scroll","background-type":"","background-media":"","overlay-type":"","overlay-color":"","overlay-opacity":"","overlay-gradient":""}},"footnotes":""},"categories":[4],"tags":[71],"class_list":["post-1252","post","type-post","status-publish","format-standard","hentry","category-portada","tag-nadal"],"post_mailing_queue_ids":[],"_links":{"self":[{"href":"https:\/\/agora.xtec.cat\/escolacancladellas\/wp-json\/wp\/v2\/posts\/1252","targetHints":{"allow":["GET"]}}],"collection":[{"href":"https:\/\/agora.xtec.cat\/escolacancladellas\/wp-json\/wp\/v2\/posts"}],"about":[{"href":"https:\/\/agora.xtec.cat\/escolacancladellas\/wp-json\/wp\/v2\/types\/post"}],"author":[{"embeddable":true,"href":"https:\/\/agora.xtec.cat\/escolacancladellas\/wp-json\/wp\/v2\/users\/1"}],"replies":[{"embeddable":true,"href":"https:\/\/agora.xtec.cat\/escolacancladellas\/wp-json\/wp\/v2\/comments?post=1252"}],"version-history":[{"count":1,"href":"https:\/\/agora.xtec.cat\/escolacancladellas\/wp-json\/wp\/v2\/posts\/1252\/revisions"}],"predecessor-version":[{"id":1254,"href":"https:\/\/agora.xtec.cat\/escolacancladellas\/wp-json\/wp\/v2\/posts\/1252\/revisions\/1254"}],"wp:attachment":[{"href":"https:\/\/agora.xtec.cat\/escolacancladellas\/wp-json\/wp\/v2\/media?parent=1252"}],"wp:term":[{"taxonomy":"category","embeddable":true,"href":"https:\/\/agora.xtec.cat\/escolacancladellas\/wp-json\/wp\/v2\/categories?post=1252"},{"taxonomy":"post_tag","embeddable":true,"href":"https:\/\/agora.xtec.cat\/escolacancladellas\/wp-json\/wp\/v2\/tags?post=1252"}],"curies":[{"name":"wp","href":"https:\/\/api.w.org\/{rel}","templated":true}]}}