{"id":1148,"date":"2020-01-29T21:09:11","date_gmt":"2020-01-29T20:09:11","guid":{"rendered":"http:\/\/agora.xtec.cat\/escolacancladellas\/?p=1148"},"modified":"2020-01-29T21:09:11","modified_gmt":"2020-01-29T20:09:11","slug":"marato-energetica","status":"publish","type":"post","link":"https:\/\/agora.xtec.cat\/escolacancladellas\/portada\/marato-energetica\/","title":{"rendered":"Marat\u00f3 Energ\u00e8tica"},"content":{"rendered":"<p>&nbsp;<\/p>\n<p>Benvolgudes fam\u00edlies<\/p>\n<p>Aquest any participem en la campanya de la Marat\u00f3 Energ\u00e8tica que es promou des de l&#8217;Ajuntament, juntament amb altres escoles de Palau i equipaments municipals.<\/p>\n<p>La Marat\u00f3 de l\u2019Estalvi Energ\u00e8tic \u00e9s una campanya de\u00a0sensibilitzaci\u00f3\u00a0i bones pr\u00e0ctiques en l&#8217;\u00fas i el consum de l&#8217;energia que t\u00e9 com objectiu destinar l\u2019estalvi econ\u00f2mic aconseguit a accions contra la pobresa energ\u00e8tica.<\/p>\n<p>La Marat\u00f3 consisteix en aplicar, durant el mes de febrer, mesures d\u2019estalvi i efici\u00e8ncia energ\u00e8tica en els edificis participants. Pr\u00e8viament, s&#8217;han recopilat les dades de consum i de factura energ\u00e8tica d\u2019aquest edificis corresponents als mesos de febrer dels darrers tres anys.<\/p>\n<p>La fita seria aconseguir reduir un 10% el consum. A m\u00e9s, \u00a0s&#8217;ha presentat el projecte a totes les persones concernides i s&#8217;han celebrat reunions i accions formatives i de debat per informar de quines mesures es poden posar en pr\u00e0ctica per reduir el consum d&#8217;energia i fer un bon \u00fas dels edificis i de les seves instal\u00b7lacions.<\/p>\n<p>Des de l&#8217;Ajuntament es pret\u00e9n que aquesta iniciativa sigui una eina de conscienciaci\u00f3 i de visualitzaci\u00f3 de l\u2019estalvi energ\u00e8tic\u201d. La\u00a0 voluntat \u00e9s que aquesta pr\u00e0ctica quedi a la consci\u00e8ncia de la gent, se l\u2019emportin a casa i s&#8217;allargui l&#8217;estalvi durant la resta de l\u2019any\u201d.<\/p>\n<p>Quan acabi febrer, es comptabilitzar\u00e0 l\u2019estalvi assolit i el seu import es destinar\u00e0 a la lluita contra la pobresa energ\u00e8tica.<\/p>\n<p>La novetat d&#8217;enguany \u00e9s que s&#8217;afegeix l\u2019objectiu de sensibilitzaci\u00f3 sobre l\u2019emerg\u00e8ncia clim\u00e0tica, de manera que es promouran accions espec\u00edfiques\u00a0per lluitar contra el canvi clim\u00e0tic i es mesuraran les emissions de CO<span style=\"font-size: xx-small;\">2<\/span>\u00a0dels edificis.<\/p>\n<p style=\"text-align: center;\"><a href=\"https:\/\/agora.xtec.cat\/escolacancladellas\/wp-content\/uploads\/usu1872\/2020\/01\/ICAEN_Poster_Marato202.png\"><img loading=\"lazy\" decoding=\"async\" class=\"alignnone  wp-image-1150\" src=\"https:\/\/agora.xtec.cat\/escolacancladellas\/wp-content\/uploads\/usu1872\/2020\/01\/ICAEN_Poster_Marato202-724x1024.png\" alt=\"\" width=\"553\" height=\"782\" srcset=\"https:\/\/agora.xtec.cat\/escolacancladellas\/wp-content\/uploads\/usu1872\/2020\/01\/ICAEN_Poster_Marato202-724x1024.png 724w, https:\/\/agora.xtec.cat\/escolacancladellas\/wp-content\/uploads\/usu1872\/2020\/01\/ICAEN_Poster_Marato202-212x300.png 212w, https:\/\/agora.xtec.cat\/escolacancladellas\/wp-content\/uploads\/usu1872\/2020\/01\/ICAEN_Poster_Marato202-768x1086.png 768w, https:\/\/agora.xtec.cat\/escolacancladellas\/wp-content\/uploads\/usu1872\/2020\/01\/ICAEN_Poster_Marato202.png 842w\" sizes=\"auto, (max-width: 553px) 100vw, 553px\" \/><\/a><\/p>\n","protected":false},"excerpt":{"rendered":"<p>&nbsp; Benvolgudes fam\u00edlies Aquest any participem en la campanya de la Marat\u00f3 Energ\u00e8tica que es promou des de l&#8217;Ajuntament, juntament amb altres escoles de Palau i equipaments municipals. La Marat\u00f3 de l\u2019Estalvi Energ\u00e8tic \u00e9s una campanya de\u00a0sensibilitzaci\u00f3\u00a0i bones pr\u00e0ctiques en l&#8217;\u00fas i el consum de l&#8217;energia que t\u00e9 com objectiu destinar l\u2019estalvi econ\u00f2mic aconseguit a [&hellip;]<\/p>\n","protected":false},"author":1,"featured_media":0,"comment_status":"open","ping_status":"closed","sticky":false,"template":"","format":"standard","meta":{"_bbp_topic_count":0,"_bbp_reply_count":0,"_bbp_total_topic_count":0,"_bbp_total_reply_count":0,"_bbp_voice_count":0,"_bbp_anonymous_reply_count":0,"_bbp_topic_count_hidden":0,"_bbp_reply_count_hidden":0,"_bbp_forum_subforum_count":0,"site-sidebar-layout":"default","site-content-layout":"","ast-site-content-layout":"","site-content-style":"default","site-sidebar-style":"default","ast-global-header-display":"","ast-banner-title-visibility":"","ast-main-header-display":"","ast-hfb-above-header-display":"","ast-hfb-below-header-display":"","ast-hfb-mobile-header-display":"","site-post-title":"","ast-breadcrumbs-content":"","ast-featured-img":"","footer-sml-layout":"","theme-transparent-header-meta":"","adv-header-id-meta":"","stick-header-meta":"","header-above-stick-meta":"","header-main-stick-meta":"","header-below-stick-meta":"","astra-migrate-meta-layouts":"default","ast-page-background-enabled":"default","ast-page-background-meta":{"desktop":{"background-color":"var(--ast-global-color-4)","background-image":"","background-repeat":"repeat","background-position":"center center","background-size":"auto","background-attachment":"scroll","background-type":"","background-media":"","overlay-type":"","overlay-color":"","overlay-opacity":"","overlay-gradient":""},"tablet":{"background-color":"","background-image":"","background-repeat":"repeat","background-position":"center center","background-size":"auto","background-attachment":"scroll","background-type":"","background-media":"","overlay-type":"","overlay-color":"","overlay-opacity":"","overlay-gradient":""},"mobile":{"background-color":"","background-image":"","background-repeat":"repeat","background-position":"center center","background-size":"auto","background-attachment":"scroll","background-type":"","background-media":"","overlay-type":"","overlay-color":"","overlay-opacity":"","overlay-gradient":""}},"ast-content-background-meta":{"desktop":{"background-color":"var(--ast-global-color-5)","background-image":"","background-repeat":"repeat","background-position":"center center","background-size":"auto","background-attachment":"scroll","background-type":"","background-media":"","overlay-type":"","overlay-color":"","overlay-opacity":"","overlay-gradient":""},"tablet":{"background-color":"var(--ast-global-color-5)","background-image":"","background-repeat":"repeat","background-position":"center center","background-size":"auto","background-attachment":"scroll","background-type":"","background-media":"","overlay-type":"","overlay-color":"","overlay-opacity":"","overlay-gradient":""},"mobile":{"background-color":"var(--ast-global-color-5)","background-image":"","background-repeat":"repeat","background-position":"center center","background-size":"auto","background-attachment":"scroll","background-type":"","background-media":"","overlay-type":"","overlay-color":"","overlay-opacity":"","overlay-gradient":""}},"footnotes":""},"categories":[4],"tags":[],"class_list":["post-1148","post","type-post","status-publish","format-standard","hentry","category-portada"],"post_mailing_queue_ids":[],"_links":{"self":[{"href":"https:\/\/agora.xtec.cat\/escolacancladellas\/wp-json\/wp\/v2\/posts\/1148","targetHints":{"allow":["GET"]}}],"collection":[{"href":"https:\/\/agora.xtec.cat\/escolacancladellas\/wp-json\/wp\/v2\/posts"}],"about":[{"href":"https:\/\/agora.xtec.cat\/escolacancladellas\/wp-json\/wp\/v2\/types\/post"}],"author":[{"embeddable":true,"href":"https:\/\/agora.xtec.cat\/escolacancladellas\/wp-json\/wp\/v2\/users\/1"}],"replies":[{"embeddable":true,"href":"https:\/\/agora.xtec.cat\/escolacancladellas\/wp-json\/wp\/v2\/comments?post=1148"}],"version-history":[{"count":1,"href":"https:\/\/agora.xtec.cat\/escolacancladellas\/wp-json\/wp\/v2\/posts\/1148\/revisions"}],"predecessor-version":[{"id":1151,"href":"https:\/\/agora.xtec.cat\/escolacancladellas\/wp-json\/wp\/v2\/posts\/1148\/revisions\/1151"}],"wp:attachment":[{"href":"https:\/\/agora.xtec.cat\/escolacancladellas\/wp-json\/wp\/v2\/media?parent=1148"}],"wp:term":[{"taxonomy":"category","embeddable":true,"href":"https:\/\/agora.xtec.cat\/escolacancladellas\/wp-json\/wp\/v2\/categories?post=1148"},{"taxonomy":"post_tag","embeddable":true,"href":"https:\/\/agora.xtec.cat\/escolacancladellas\/wp-json\/wp\/v2\/tags?post=1148"}],"curies":[{"name":"wp","href":"https:\/\/api.w.org\/{rel}","templated":true}]}}