{"id":998,"date":"2015-05-13T00:02:56","date_gmt":"2015-05-12T22:02:56","guid":{"rendered":"http:\/\/blocs.xtec.cat\/campclar\/?p=998"},"modified":"2015-05-13T00:02:56","modified_gmt":"2015-05-12T22:02:56","slug":"anem-a-tarragona-radio","status":"publish","type":"post","link":"https:\/\/agora.xtec.cat\/escolacampclar\/cicle-mitja\/anem-a-tarragona-radio\/","title":{"rendered":"Anem a Tarragona R\u00e0dio."},"content":{"rendered":"<p>[L&#8217;Aventura de Conversar. 3er. de l\u2019escola Camp Clar<br \/>\nPublicat el: 24\/04\/2015<br \/>\nAvui compartim l\u2019Aventura de Conversar amb alumnes de l\u2019aula de 3er. de l\u2019escola Camp Clar. Han treballat a classe LA PROTECCI\u00d3 SOLAR. Ens acompanyaran alumnes i el seu tutor, JOSEP DASI.<br \/>\nLa protecci\u00f3 solar (tipus de pell,temps d&#8217;exposici\u00f3,consell per foto-protegir-se&#8217;n correctament,la conveni\u00e8ncia d&#8217;utilitzar ulleres de sol.)<br \/>\nObra de teatre:&#8221;D\u00c9U MEU,QUIN EMBOLIC!!!!!!!!<\/p>\n<p>Poesies dedicades al Sol:<br \/>\n &#8220;A mi Amigo el sol&#8221;, de Gloria Fuertes.<br \/>\n&#8220;Todos contra la contaminaci\u00f3n&#8221;,  de Gloria Fuertes.<br \/>\nUn poema d&#8217;amor:roman\u00e7 del sol i la lluna. De Gabriel Janer Manila.<\/p>\n<p>Conte: &#8220;Per qu\u00e8 som de diferents colors?&#8221; . De Carmen Gil i Luis Filella]https:\/\/youtu.be\/a4Q4F9VtdxQ[\/youtube]<\/p>\n","protected":false},"excerpt":{"rendered":"<p>[L&#8217;Aventura de Conversar. 3er. de l\u2019escola Camp Clar<br \/>\nPublicat el: 24\/04\/2015<br \/>\nAvui compartim l\u2019Aventura de Conversar amb alumnes de l\u2019aula de 3er. de l\u2019escola Camp Clar. Han treballat a classe LA PROTECCI\u00d3 SOLAR. Ens acompanyaran alumnes i el seu tutor, JOSEP DASI.<br \/>\nLa protecci\u00f3 solar (tipus de pell,temps&hellip;  <a href=\"https:\/\/agora.xtec.cat\/escolacampclar\/cicle-mitja\/anem-a-tarragona-radio\/\" title=\"Read Anem a Tarragona R\u00e0dio.\">Llegeix m\u00e9s\u00bb<\/a><\/p>\n","protected":false},"author":1,"featured_media":0,"comment_status":"open","ping_status":"open","sticky":false,"template":"","format":"standard","meta":{"_bbp_topic_count":0,"_bbp_reply_count":0,"_bbp_total_topic_count":0,"_bbp_total_reply_count":0,"_bbp_voice_count":0,"_bbp_anonymous_reply_count":0,"_bbp_topic_count_hidden":0,"_bbp_reply_count_hidden":0,"_bbp_forum_subforum_count":0,"footnotes":""},"categories":[25],"tags":[],"class_list":["post-998","post","type-post","status-publish","format-standard","hentry","category-cicle-mitja"],"post_mailing_queue_ids":[],"_links":{"self":[{"href":"https:\/\/agora.xtec.cat\/escolacampclar\/wp-json\/wp\/v2\/posts\/998","targetHints":{"allow":["GET"]}}],"collection":[{"href":"https:\/\/agora.xtec.cat\/escolacampclar\/wp-json\/wp\/v2\/posts"}],"about":[{"href":"https:\/\/agora.xtec.cat\/escolacampclar\/wp-json\/wp\/v2\/types\/post"}],"author":[{"embeddable":true,"href":"https:\/\/agora.xtec.cat\/escolacampclar\/wp-json\/wp\/v2\/users\/1"}],"replies":[{"embeddable":true,"href":"https:\/\/agora.xtec.cat\/escolacampclar\/wp-json\/wp\/v2\/comments?post=998"}],"version-history":[{"count":0,"href":"https:\/\/agora.xtec.cat\/escolacampclar\/wp-json\/wp\/v2\/posts\/998\/revisions"}],"wp:attachment":[{"href":"https:\/\/agora.xtec.cat\/escolacampclar\/wp-json\/wp\/v2\/media?parent=998"}],"wp:term":[{"taxonomy":"category","embeddable":true,"href":"https:\/\/agora.xtec.cat\/escolacampclar\/wp-json\/wp\/v2\/categories?post=998"},{"taxonomy":"post_tag","embeddable":true,"href":"https:\/\/agora.xtec.cat\/escolacampclar\/wp-json\/wp\/v2\/tags?post=998"}],"curies":[{"name":"wp","href":"https:\/\/api.w.org\/{rel}","templated":true}]}}