{"id":992,"date":"2010-01-22T15:38:32","date_gmt":"2010-01-22T14:38:32","guid":{"rendered":"http:\/\/blocs.xtec.cat\/campclar\/?p=183"},"modified":"2010-01-22T15:38:32","modified_gmt":"2010-01-22T14:38:32","slug":"consum-de-fruita","status":"publish","type":"post","link":"https:\/\/agora.xtec.cat\/escolacampclar\/general\/consum-de-fruita\/","title":{"rendered":"Consum de fruita"},"content":{"rendered":"<p>A l&#8217;escola estem fent la setmana de la fruita. Cada dia els nens i nenes menjaran una pe\u00e7a de fruita per tal d&#8217;agafar l&#8217;h\u00e0bit i adonar-se que el gust \u00e9s molt bo. Poden veure que la fruita \u00e9s una opci\u00f3 molt bona d&#8217;esmorzar. Quasi tots han menjat les peces de fruita amb molt de gust. Bon profit.<\/p>\n<p><embed type=\"application\/x-shockwave-flash\" src=\"http:\/\/picasaweb.google.es\/s\/c\/bin\/slideshow.swf\" width=\"400\" height=\"267\" flashvars=\"host=picasaweb.google.es&amp;hl=es&amp;feat=flashalbum&amp;RGB=0x000000&amp;feed=http%3A%2F%2Fpicasaweb.google.es%2Fdata%2Ffeed%2Fapi%2Fuser%2Fjsintes66%2Falbumid%2F5429571585059759153%3Falt%3Drss%26kind%3Dphoto%26hl%3Des\" pluginspage=\"http:\/\/www.macromedia.com\/go\/getflashplayer\"><\/embed><\/p>\n","protected":false},"excerpt":{"rendered":"<p>A l&#8217;escola estem fent la setmana de la fruita. Cada dia els nens i nenes menjaran una pe\u00e7a de fruita per tal d&#8217;agafar l&#8217;h\u00e0bit i adonar-se que el gust \u00e9s molt bo. Poden veure que la fruita \u00e9s una opci\u00f3 molt bona d&#8217;esmorzar. Quasi tots&hellip;  <a href=\"https:\/\/agora.xtec.cat\/escolacampclar\/general\/consum-de-fruita\/\" title=\"Read Consum de fruita\">Llegeix m\u00e9s\u00bb<\/a><\/p>\n","protected":false},"author":1,"featured_media":0,"comment_status":"open","ping_status":"open","sticky":false,"template":"","format":"standard","meta":{"_bbp_topic_count":0,"_bbp_reply_count":0,"_bbp_total_topic_count":0,"_bbp_total_reply_count":0,"_bbp_voice_count":0,"_bbp_anonymous_reply_count":0,"_bbp_topic_count_hidden":0,"_bbp_reply_count_hidden":0,"_bbp_forum_subforum_count":0,"footnotes":""},"categories":[1],"tags":[],"class_list":["post-992","post","type-post","status-publish","format-standard","hentry","category-general"],"post_mailing_queue_ids":[],"_links":{"self":[{"href":"https:\/\/agora.xtec.cat\/escolacampclar\/wp-json\/wp\/v2\/posts\/992","targetHints":{"allow":["GET"]}}],"collection":[{"href":"https:\/\/agora.xtec.cat\/escolacampclar\/wp-json\/wp\/v2\/posts"}],"about":[{"href":"https:\/\/agora.xtec.cat\/escolacampclar\/wp-json\/wp\/v2\/types\/post"}],"author":[{"embeddable":true,"href":"https:\/\/agora.xtec.cat\/escolacampclar\/wp-json\/wp\/v2\/users\/1"}],"replies":[{"embeddable":true,"href":"https:\/\/agora.xtec.cat\/escolacampclar\/wp-json\/wp\/v2\/comments?post=992"}],"version-history":[{"count":0,"href":"https:\/\/agora.xtec.cat\/escolacampclar\/wp-json\/wp\/v2\/posts\/992\/revisions"}],"wp:attachment":[{"href":"https:\/\/agora.xtec.cat\/escolacampclar\/wp-json\/wp\/v2\/media?parent=992"}],"wp:term":[{"taxonomy":"category","embeddable":true,"href":"https:\/\/agora.xtec.cat\/escolacampclar\/wp-json\/wp\/v2\/categories?post=992"},{"taxonomy":"post_tag","embeddable":true,"href":"https:\/\/agora.xtec.cat\/escolacampclar\/wp-json\/wp\/v2\/tags?post=992"}],"curies":[{"name":"wp","href":"https:\/\/api.w.org\/{rel}","templated":true}]}}