{"id":989,"date":"2009-11-10T12:19:04","date_gmt":"2009-11-10T11:19:04","guid":{"rendered":"http:\/\/blocs.xtec.cat\/campclar\/?p=170"},"modified":"2009-11-10T12:19:04","modified_gmt":"2009-11-10T11:19:04","slug":"plantada-darbres-a-tarragona","status":"publish","type":"post","link":"https:\/\/agora.xtec.cat\/escolacampclar\/general\/plantada-darbres-a-tarragona\/","title":{"rendered":"PLANTADA D&#8217;ARBRES A TARRAGONA"},"content":{"rendered":"<p><strong>L&#8217;Ajuntament ha organitzat un acte festiu per millorar l&#8217;entorn.<\/strong><\/p>\n<p>El dijous, 5 de novembre, els nens i les nenes de les escoles de Tarragona, entre elles la de Camp Clar, van fer algunes activitats relacionades amb el m\u00f3n de les plantes, al Fort\u00ed de la Reina, vora el mar Mediterrani.<br \/>\nL&#8217;alcalde de la localitat, el Sr. Josep F\u00e8lix Ballesteros, va assistir a la festa.<br \/>\nPer alguns, l&#8217;acte va ser divertit perqu\u00e8 hi havia animadors i m\u00fasica; per altres, va ser una mica avorrit perqu\u00e8 van haver d&#8217;esperar molta estona.<\/p>\n<p><embed type=\"application\/x-shockwave-flash\" src=\"http:\/\/picasaweb.google.es\/s\/c\/bin\/slideshow.swf\" width=\"400\" height=\"267\" flashvars=\"host=picasaweb.google.es&amp;hl=ca&amp;feat=flashalbum&amp;RGB=0x000000&amp;feed=http%3A%2F%2Fpicasaweb.google.es%2Fdata%2Ffeed%2Fapi%2Fuser%2Fsescubed%2Falbumid%2F5402123658132468049%3Falt%3Drss%26kind%3Dphoto%26hl%3Dca\" pluginspage=\"http:\/\/www.macromedia.com\/go\/getflashplayer\"><\/embed><\/p>\n","protected":false},"excerpt":{"rendered":"<p>L&#8217;Ajuntament ha organitzat un acte festiu per millorar l&#8217;entorn.<br \/>\nEl dijous, 5 de novembre, els nens i les nenes de les escoles de Tarragona, entre elles la de Camp Clar, van fer algunes activitats relacionades amb el m\u00f3n de les plantes, al Fort\u00ed de la Reina,&hellip;  <a href=\"https:\/\/agora.xtec.cat\/escolacampclar\/general\/plantada-darbres-a-tarragona\/\" title=\"Read PLANTADA D&#8217;ARBRES A TARRAGONA\">Llegeix m\u00e9s\u00bb<\/a><\/p>\n","protected":false},"author":1,"featured_media":0,"comment_status":"open","ping_status":"open","sticky":false,"template":"","format":"standard","meta":{"_bbp_topic_count":0,"_bbp_reply_count":0,"_bbp_total_topic_count":0,"_bbp_total_reply_count":0,"_bbp_voice_count":0,"_bbp_anonymous_reply_count":0,"_bbp_topic_count_hidden":0,"_bbp_reply_count_hidden":0,"_bbp_forum_subforum_count":0,"footnotes":""},"categories":[25,1],"tags":[33],"class_list":["post-989","post","type-post","status-publish","format-standard","hentry","category-cicle-mitja","category-general","tag-afegeix-una-etiqueta"],"post_mailing_queue_ids":[],"_links":{"self":[{"href":"https:\/\/agora.xtec.cat\/escolacampclar\/wp-json\/wp\/v2\/posts\/989","targetHints":{"allow":["GET"]}}],"collection":[{"href":"https:\/\/agora.xtec.cat\/escolacampclar\/wp-json\/wp\/v2\/posts"}],"about":[{"href":"https:\/\/agora.xtec.cat\/escolacampclar\/wp-json\/wp\/v2\/types\/post"}],"author":[{"embeddable":true,"href":"https:\/\/agora.xtec.cat\/escolacampclar\/wp-json\/wp\/v2\/users\/1"}],"replies":[{"embeddable":true,"href":"https:\/\/agora.xtec.cat\/escolacampclar\/wp-json\/wp\/v2\/comments?post=989"}],"version-history":[{"count":0,"href":"https:\/\/agora.xtec.cat\/escolacampclar\/wp-json\/wp\/v2\/posts\/989\/revisions"}],"wp:attachment":[{"href":"https:\/\/agora.xtec.cat\/escolacampclar\/wp-json\/wp\/v2\/media?parent=989"}],"wp:term":[{"taxonomy":"category","embeddable":true,"href":"https:\/\/agora.xtec.cat\/escolacampclar\/wp-json\/wp\/v2\/categories?post=989"},{"taxonomy":"post_tag","embeddable":true,"href":"https:\/\/agora.xtec.cat\/escolacampclar\/wp-json\/wp\/v2\/tags?post=989"}],"curies":[{"name":"wp","href":"https:\/\/api.w.org\/{rel}","templated":true}]}}