{"id":978,"date":"2015-04-13T11:37:11","date_gmt":"2015-04-13T09:37:11","guid":{"rendered":"http:\/\/blocs.xtec.cat\/campclar\/?p=978"},"modified":"2015-04-13T11:37:11","modified_gmt":"2015-04-13T09:37:11","slug":"visita-al-museu-pau-casals-del-vendrell","status":"publish","type":"post","link":"https:\/\/agora.xtec.cat\/escolacampclar\/cicle-superior\/visita-al-museu-pau-casals-del-vendrell\/","title":{"rendered":"VISITA AL MUSEU PAU CASALS DEL VENDRELL"},"content":{"rendered":"<p>El passat 8 d&#8217;abril vam visitar el museu Vil\u00b7la Casals del Vendrell.<\/p>\n<p>Vam passar una jornada incre\u00efble descobrint la casa de l&#8217;extraordinari m\u00fasic catal\u00e0, els seus jardins i amb el genial taller de violoncel.<\/p>\n<p>Des de l&#8217;Escola de Campclar agra\u00efm a la Fundaci\u00f3 Pau Casals per haver-nos perm\u00e8s gaudir d&#8217;un dia inoblidable.<\/p>\n<p>En el seg\u00fcent enlla\u00e7 podreu veure imatges de la jornada.<\/p>\n<p><a title=\"Visita al Museu Pau Casals\" href=\"https:\/\/drive.google.com\/folderview?id=0B4n4fVJE2fdrb1lmaHJYVmNLQms&amp;usp=sharing\" target=\"_blank\">Visita al Museu Pau Casals.<\/a><\/p>\n","protected":false},"excerpt":{"rendered":"<p>El passat 8 d&#8217;abril vam visitar el museu Vil\u00b7la Casals del Vendrell.<br \/>\nVam passar una jornada incre\u00efble descobrint la casa de l&#8217;extraordinari m\u00fasic catal\u00e0, els seus jardins i amb el genial taller de violoncel.<br \/>\nDes de l&#8217;Escola de Campclar agra\u00efm a la Fundaci\u00f3 Pau Casals per haver-nos&hellip;  <a href=\"https:\/\/agora.xtec.cat\/escolacampclar\/cicle-superior\/visita-al-museu-pau-casals-del-vendrell\/\" title=\"Read VISITA AL MUSEU PAU CASALS DEL VENDRELL\">Llegeix m\u00e9s\u00bb<\/a><\/p>\n","protected":false},"author":1,"featured_media":0,"comment_status":"open","ping_status":"open","sticky":false,"template":"","format":"standard","meta":{"_bbp_topic_count":0,"_bbp_reply_count":0,"_bbp_total_topic_count":0,"_bbp_total_reply_count":0,"_bbp_voice_count":0,"_bbp_anonymous_reply_count":0,"_bbp_topic_count_hidden":0,"_bbp_reply_count_hidden":0,"_bbp_forum_subforum_count":0,"footnotes":""},"categories":[26],"tags":[],"class_list":["post-978","post","type-post","status-publish","format-standard","hentry","category-cicle-superior"],"post_mailing_queue_ids":[],"_links":{"self":[{"href":"https:\/\/agora.xtec.cat\/escolacampclar\/wp-json\/wp\/v2\/posts\/978","targetHints":{"allow":["GET"]}}],"collection":[{"href":"https:\/\/agora.xtec.cat\/escolacampclar\/wp-json\/wp\/v2\/posts"}],"about":[{"href":"https:\/\/agora.xtec.cat\/escolacampclar\/wp-json\/wp\/v2\/types\/post"}],"author":[{"embeddable":true,"href":"https:\/\/agora.xtec.cat\/escolacampclar\/wp-json\/wp\/v2\/users\/1"}],"replies":[{"embeddable":true,"href":"https:\/\/agora.xtec.cat\/escolacampclar\/wp-json\/wp\/v2\/comments?post=978"}],"version-history":[{"count":0,"href":"https:\/\/agora.xtec.cat\/escolacampclar\/wp-json\/wp\/v2\/posts\/978\/revisions"}],"wp:attachment":[{"href":"https:\/\/agora.xtec.cat\/escolacampclar\/wp-json\/wp\/v2\/media?parent=978"}],"wp:term":[{"taxonomy":"category","embeddable":true,"href":"https:\/\/agora.xtec.cat\/escolacampclar\/wp-json\/wp\/v2\/categories?post=978"},{"taxonomy":"post_tag","embeddable":true,"href":"https:\/\/agora.xtec.cat\/escolacampclar\/wp-json\/wp\/v2\/tags?post=978"}],"curies":[{"name":"wp","href":"https:\/\/api.w.org\/{rel}","templated":true}]}}