{"id":964,"date":"2015-03-06T10:20:00","date_gmt":"2015-03-06T09:20:00","guid":{"rendered":"http:\/\/blocs.xtec.cat\/campclar\/?p=964"},"modified":"2015-03-06T10:20:00","modified_gmt":"2015-03-06T09:20:00","slug":"eleccions-democratiques-a-la-classe-de-2n","status":"publish","type":"post","link":"https:\/\/agora.xtec.cat\/escolacampclar\/cicle-inicial\/eleccions-democratiques-a-la-classe-de-2n\/","title":{"rendered":"Eleccions democr\u00e0tiques a la classe de 2n"},"content":{"rendered":"<p>Els nens i nenes de 2n han treballat i apr\u00e8s el funcionament d&#8217;unes eleccions democr\u00e0tiques, i ho han fet sent\u00a0els aut\u00e8ntics protagonistes de l&#8217;activitat.<\/p>\n<p>La feina realitzada ha perm\u00e9s que entenguin qu\u00e8 s\u00f3n unes eleccions, per a qu\u00e8 serveixen i quins passos cal seguir en el proc\u00e8s.<br \/>\n<embed width=\"400\" height=\"267\" type=\"application\/x-shockwave-flash\" src=\"https:\/\/photos.gstatic.com\/media\/slideshow.swf\" flashvars=\"host=picasaweb.google.com&amp;hl=ca&amp;feat=flashalbum&amp;RGB=0x000000&amp;feed=https%3A%2F%2Fpicasaweb.google.com%2Fdata%2Ffeed%2Fapi%2Fuser%2F104841660435952993388%2Falbumid%2F6123047124810732721%3Falt%3Drss%26kind%3Dphoto%26hl%3Dca\" pluginspage=\"http:\/\/www.macromedia.com\/go\/getflashplayer\"><\/embed><\/p>\n","protected":false},"excerpt":{"rendered":"<p>Els nens i nenes de 2n han treballat i apr\u00e8s el funcionament d&#8217;unes eleccions democr\u00e0tiques, i ho han fet sent\u00a0els aut\u00e8ntics protagonistes de l&#8217;activitat.<br \/>\nLa feina realitzada ha perm\u00e9s que entenguin qu\u00e8 s\u00f3n unes eleccions, per a qu\u00e8 serveixen i quins passos cal seguir en el&hellip;  <a href=\"https:\/\/agora.xtec.cat\/escolacampclar\/cicle-inicial\/eleccions-democratiques-a-la-classe-de-2n\/\" title=\"Read Eleccions democr\u00e0tiques a la classe de 2n\">Llegeix m\u00e9s\u00bb<\/a><\/p>\n","protected":false},"author":1,"featured_media":0,"comment_status":"open","ping_status":"open","sticky":false,"template":"","format":"standard","meta":{"_bbp_topic_count":0,"_bbp_reply_count":0,"_bbp_total_topic_count":0,"_bbp_total_reply_count":0,"_bbp_voice_count":0,"_bbp_anonymous_reply_count":0,"_bbp_topic_count_hidden":0,"_bbp_reply_count_hidden":0,"_bbp_forum_subforum_count":0,"footnotes":""},"categories":[24],"tags":[],"class_list":["post-964","post","type-post","status-publish","format-standard","hentry","category-cicle-inicial"],"post_mailing_queue_ids":[],"_links":{"self":[{"href":"https:\/\/agora.xtec.cat\/escolacampclar\/wp-json\/wp\/v2\/posts\/964","targetHints":{"allow":["GET"]}}],"collection":[{"href":"https:\/\/agora.xtec.cat\/escolacampclar\/wp-json\/wp\/v2\/posts"}],"about":[{"href":"https:\/\/agora.xtec.cat\/escolacampclar\/wp-json\/wp\/v2\/types\/post"}],"author":[{"embeddable":true,"href":"https:\/\/agora.xtec.cat\/escolacampclar\/wp-json\/wp\/v2\/users\/1"}],"replies":[{"embeddable":true,"href":"https:\/\/agora.xtec.cat\/escolacampclar\/wp-json\/wp\/v2\/comments?post=964"}],"version-history":[{"count":0,"href":"https:\/\/agora.xtec.cat\/escolacampclar\/wp-json\/wp\/v2\/posts\/964\/revisions"}],"wp:attachment":[{"href":"https:\/\/agora.xtec.cat\/escolacampclar\/wp-json\/wp\/v2\/media?parent=964"}],"wp:term":[{"taxonomy":"category","embeddable":true,"href":"https:\/\/agora.xtec.cat\/escolacampclar\/wp-json\/wp\/v2\/categories?post=964"},{"taxonomy":"post_tag","embeddable":true,"href":"https:\/\/agora.xtec.cat\/escolacampclar\/wp-json\/wp\/v2\/tags?post=964"}],"curies":[{"name":"wp","href":"https:\/\/api.w.org\/{rel}","templated":true}]}}