{"id":947,"date":"2009-10-26T14:47:00","date_gmt":"2009-10-26T13:47:00","guid":{"rendered":"http:\/\/blocs.xtec.cat\/campclar\/?p=141"},"modified":"2009-10-26T14:47:00","modified_gmt":"2009-10-26T13:47:00","slug":"roald-dahl-a-cicle-mitja","status":"publish","type":"post","link":"https:\/\/agora.xtec.cat\/escolacampclar\/general\/roald-dahl-a-cicle-mitja\/","title":{"rendered":"ROALD DAHL A CICLE MITJ\u00c0"},"content":{"rendered":"<p>Els alumnes de Cicle Mitj\u00e0 hem comen\u00e7at a llegir llibres de Roald Dahl (1916-1990), escriptor angl\u00e8s molt conegut en el m\u00f3n de la literatura per adults i infants.<br \/>\nLes seves obres han estat tradu\u00efdes a diferents idiomes. Va escriure moltes hist\u00f2ries infantils tant en prosa com en vers. Nosaltres hem escollit aquestes per llegir-ne cada dia un cap\u00edtol:<br \/>\n3A: El Superzorro<br \/>\n3B: Els Culdolla<br \/>\n4A: El Dedo M\u00e1gico<br \/>\n4B: Cuentos en verso para ni\u00f1os perversos<br \/>\nArrel d&#8217;aquestes lectures, que ens entusiasmen, a m\u00e9s a m\u00e9s de potenciar el gust per la lectura, van sortint diversos temes per treballar a classe. \u00c9s fant\u00e0stic!!!!!!!!!<\/p>\n<p><embed type=\"application\/x-shockwave-flash\" src=\"http:\/\/picasaweb.google.es\/s\/c\/bin\/slideshow.swf\" width=\"400\" height=\"267\" flashvars=\"host=picasaweb.google.es&amp;hl=ca&amp;feat=flashalbum&amp;RGB=0x000000&amp;feed=http%3A%2F%2Fpicasaweb.google.es%2Fdata%2Ffeed%2Fapi%2Fuser%2Fsescubed%2Falbumid%2F5396891096544019665%3Falt%3Drss%26kind%3Dphoto%26hl%3Dca\" pluginspage=\"http:\/\/www.macromedia.com\/go\/getflashplayer\"><\/embed><\/p>\n","protected":false},"excerpt":{"rendered":"<p>Els alumnes de Cicle Mitj\u00e0 hem comen\u00e7at a llegir llibres de Roald Dahl (1916-1990), escriptor angl\u00e8s molt conegut en el m\u00f3n de la literatura per adults i infants.<br \/>\nLes seves obres han estat tradu\u00efdes a diferents idiomes. Va escriure moltes hist\u00f2ries infantils tant en prosa com&hellip;  <a href=\"https:\/\/agora.xtec.cat\/escolacampclar\/general\/roald-dahl-a-cicle-mitja\/\" title=\"Read ROALD DAHL A CICLE MITJ\u00c0\">Llegeix m\u00e9s\u00bb<\/a><\/p>\n","protected":false},"author":1,"featured_media":0,"comment_status":"open","ping_status":"open","sticky":false,"template":"","format":"standard","meta":{"_bbp_topic_count":0,"_bbp_reply_count":0,"_bbp_total_topic_count":0,"_bbp_total_reply_count":0,"_bbp_voice_count":0,"_bbp_anonymous_reply_count":0,"_bbp_topic_count_hidden":0,"_bbp_reply_count_hidden":0,"_bbp_forum_subforum_count":0,"footnotes":""},"categories":[1],"tags":[],"class_list":["post-947","post","type-post","status-publish","format-standard","hentry","category-general"],"post_mailing_queue_ids":[],"_links":{"self":[{"href":"https:\/\/agora.xtec.cat\/escolacampclar\/wp-json\/wp\/v2\/posts\/947","targetHints":{"allow":["GET"]}}],"collection":[{"href":"https:\/\/agora.xtec.cat\/escolacampclar\/wp-json\/wp\/v2\/posts"}],"about":[{"href":"https:\/\/agora.xtec.cat\/escolacampclar\/wp-json\/wp\/v2\/types\/post"}],"author":[{"embeddable":true,"href":"https:\/\/agora.xtec.cat\/escolacampclar\/wp-json\/wp\/v2\/users\/1"}],"replies":[{"embeddable":true,"href":"https:\/\/agora.xtec.cat\/escolacampclar\/wp-json\/wp\/v2\/comments?post=947"}],"version-history":[{"count":0,"href":"https:\/\/agora.xtec.cat\/escolacampclar\/wp-json\/wp\/v2\/posts\/947\/revisions"}],"wp:attachment":[{"href":"https:\/\/agora.xtec.cat\/escolacampclar\/wp-json\/wp\/v2\/media?parent=947"}],"wp:term":[{"taxonomy":"category","embeddable":true,"href":"https:\/\/agora.xtec.cat\/escolacampclar\/wp-json\/wp\/v2\/categories?post=947"},{"taxonomy":"post_tag","embeddable":true,"href":"https:\/\/agora.xtec.cat\/escolacampclar\/wp-json\/wp\/v2\/tags?post=947"}],"curies":[{"name":"wp","href":"https:\/\/api.w.org\/{rel}","templated":true}]}}