{"id":944,"date":"2009-09-18T12:26:48","date_gmt":"2009-09-18T11:26:48","guid":{"rendered":"http:\/\/blocs.xtec.cat\/campclar\/?p=113"},"modified":"2009-09-18T12:26:48","modified_gmt":"2009-09-18T11:26:48","slug":"el-ball-de-gitanes","status":"publish","type":"post","link":"https:\/\/agora.xtec.cat\/escolacampclar\/general\/el-ball-de-gitanes\/","title":{"rendered":"El ball de Gitanes"},"content":{"rendered":"<p>&lt;!&#8211; \t\t@page { margin: 2cm } \t\tP { margin-bottom: 0.21cm } \t&#8211;&gt;<\/p>\n<p style=\"margin-bottom: 0cm\" lang=\"ca-ES\">Ha  vingut a l&#8217;escola el Ball de Gitanes i ens han explicat tota la hist\u00f2ria. Un cop coneixem l&#8217;origen i el perqu\u00e8 de la tradici\u00f3 s&#8217;ha baixat al pati i hem assajat els primers passos del \u201cnostre\u201d Ball de Gitanes.<\/p>\n<p style=\"margin-bottom: 0cm\" lang=\"ca-ES\">Aquest \u00e9s un dels actes que tenim per celebrar Sta. Tecla.<\/p>\n<p><embed type=\"application\/x-shockwave-flash\" src=\"http:\/\/picasaweb.google.es\/s\/c\/bin\/slideshow.swf\" width=\"400\" height=\"267\" flashvars=\"host=picasaweb.google.es&amp;hl=es&amp;feat=flashalbum&amp;RGB=0x000000&amp;feed=http%3A%2F%2Fpicasaweb.google.es%2Fdata%2Ffeed%2Fapi%2Fuser%2Fjsintes66%2Falbumid%2F5382373009405990577%3Falt%3Drss%26kind%3Dphoto%26hl%3Des\" pluginspage=\"http:\/\/www.macromedia.com\/go\/getflashplayer\"><\/embed><\/p>\n","protected":false},"excerpt":{"rendered":"<p>&lt;!&#8211; \t\t@page { margin: 2cm } \t\tP { margin-bottom: 0.21cm } \t&#8211;&gt;<br \/>\nHa  vingut a l&#8217;escola el Ball de Gitanes i ens han explicat tota la hist\u00f2ria. Un cop coneixem l&#8217;origen i el perqu\u00e8 de la tradici\u00f3 s&#8217;ha baixat al pati i hem assajat els&hellip;  <a href=\"https:\/\/agora.xtec.cat\/escolacampclar\/general\/el-ball-de-gitanes\/\" title=\"Read El ball de Gitanes\">Llegeix m\u00e9s\u00bb<\/a><\/p>\n","protected":false},"author":1,"featured_media":0,"comment_status":"open","ping_status":"open","sticky":false,"template":"","format":"standard","meta":{"_bbp_topic_count":0,"_bbp_reply_count":0,"_bbp_total_topic_count":0,"_bbp_total_reply_count":0,"_bbp_voice_count":0,"_bbp_anonymous_reply_count":0,"_bbp_topic_count_hidden":0,"_bbp_reply_count_hidden":0,"_bbp_forum_subforum_count":0,"footnotes":""},"categories":[26,1],"tags":[],"class_list":["post-944","post","type-post","status-publish","format-standard","hentry","category-cicle-superior","category-general"],"post_mailing_queue_ids":[],"_links":{"self":[{"href":"https:\/\/agora.xtec.cat\/escolacampclar\/wp-json\/wp\/v2\/posts\/944","targetHints":{"allow":["GET"]}}],"collection":[{"href":"https:\/\/agora.xtec.cat\/escolacampclar\/wp-json\/wp\/v2\/posts"}],"about":[{"href":"https:\/\/agora.xtec.cat\/escolacampclar\/wp-json\/wp\/v2\/types\/post"}],"author":[{"embeddable":true,"href":"https:\/\/agora.xtec.cat\/escolacampclar\/wp-json\/wp\/v2\/users\/1"}],"replies":[{"embeddable":true,"href":"https:\/\/agora.xtec.cat\/escolacampclar\/wp-json\/wp\/v2\/comments?post=944"}],"version-history":[{"count":0,"href":"https:\/\/agora.xtec.cat\/escolacampclar\/wp-json\/wp\/v2\/posts\/944\/revisions"}],"wp:attachment":[{"href":"https:\/\/agora.xtec.cat\/escolacampclar\/wp-json\/wp\/v2\/media?parent=944"}],"wp:term":[{"taxonomy":"category","embeddable":true,"href":"https:\/\/agora.xtec.cat\/escolacampclar\/wp-json\/wp\/v2\/categories?post=944"},{"taxonomy":"post_tag","embeddable":true,"href":"https:\/\/agora.xtec.cat\/escolacampclar\/wp-json\/wp\/v2\/tags?post=944"}],"curies":[{"name":"wp","href":"https:\/\/api.w.org\/{rel}","templated":true}]}}