{"id":941,"date":"2014-12-05T15:56:42","date_gmt":"2014-12-05T14:56:42","guid":{"rendered":"http:\/\/blocs.xtec.cat\/campclar\/?p=941"},"modified":"2014-12-05T15:56:42","modified_gmt":"2014-12-05T14:56:42","slug":"visita-de-lassociacio-ecom","status":"publish","type":"post","link":"https:\/\/agora.xtec.cat\/escolacampclar\/cicle-superior\/visita-de-lassociacio-ecom\/","title":{"rendered":"VISITA DE L&#8217;ASSOCIACI\u00d3 ECOM"},"content":{"rendered":"<p>Ecom \u00e9s un moviment associatiu integrat per organitzacions de persones amb discapacitat f\u00edsica.<\/p>\n<p>El dijous dia 4 de desembre ens van visitar i ens van parlar de la integraci\u00f3 de les persones amb discapacitats. Ens han fet reflexionar sobre les dificultas que poden trobar aquestes persones en una societat que no pensa massa en ells.<\/p>\n<p><embed width=\"400\" height=\"267\" type=\"application\/x-shockwave-flash\" src=\"https:\/\/photos.gstatic.com\/media\/slideshow.swf\" flashvars=\"host=picasaweb.google.com&amp;hl=ca&amp;feat=flashalbum&amp;RGB=0x000000&amp;feed=https%3A%2F%2Fpicasaweb.google.com%2Fdata%2Ffeed%2Fapi%2Fuser%2F105554541210756026850%2Falbumid%2F6089362323681631233%3Falt%3Drss%26kind%3Dphoto%26hl%3Dca\" pluginspage=\"http:\/\/www.macromedia.com\/go\/getflashplayer\"><\/embed><\/p>\n","protected":false},"excerpt":{"rendered":"<p>Ecom \u00e9s un moviment associatiu integrat per organitzacions de persones amb discapacitat f\u00edsica.<br \/>\nEl dijous dia 4 de desembre ens van visitar i ens van parlar de la integraci\u00f3 de les persones amb discapacitats. Ens han fet reflexionar sobre les dificultas que poden trobar aquestes persones&hellip;  <a href=\"https:\/\/agora.xtec.cat\/escolacampclar\/cicle-superior\/visita-de-lassociacio-ecom\/\" title=\"Read VISITA DE L&#8217;ASSOCIACI\u00d3 ECOM\">Llegeix m\u00e9s\u00bb<\/a><\/p>\n","protected":false},"author":1,"featured_media":0,"comment_status":"open","ping_status":"open","sticky":false,"template":"","format":"standard","meta":{"_bbp_topic_count":0,"_bbp_reply_count":0,"_bbp_total_topic_count":0,"_bbp_total_reply_count":0,"_bbp_voice_count":0,"_bbp_anonymous_reply_count":0,"_bbp_topic_count_hidden":0,"_bbp_reply_count_hidden":0,"_bbp_forum_subforum_count":0,"footnotes":""},"categories":[26],"tags":[38,39,40,49],"class_list":["post-941","post","type-post","status-publish","format-standard","hentry","category-cicle-superior","tag-conscienciacio","tag-discapacitats","tag-ecom","tag-igualtat"],"post_mailing_queue_ids":[],"_links":{"self":[{"href":"https:\/\/agora.xtec.cat\/escolacampclar\/wp-json\/wp\/v2\/posts\/941","targetHints":{"allow":["GET"]}}],"collection":[{"href":"https:\/\/agora.xtec.cat\/escolacampclar\/wp-json\/wp\/v2\/posts"}],"about":[{"href":"https:\/\/agora.xtec.cat\/escolacampclar\/wp-json\/wp\/v2\/types\/post"}],"author":[{"embeddable":true,"href":"https:\/\/agora.xtec.cat\/escolacampclar\/wp-json\/wp\/v2\/users\/1"}],"replies":[{"embeddable":true,"href":"https:\/\/agora.xtec.cat\/escolacampclar\/wp-json\/wp\/v2\/comments?post=941"}],"version-history":[{"count":0,"href":"https:\/\/agora.xtec.cat\/escolacampclar\/wp-json\/wp\/v2\/posts\/941\/revisions"}],"wp:attachment":[{"href":"https:\/\/agora.xtec.cat\/escolacampclar\/wp-json\/wp\/v2\/media?parent=941"}],"wp:term":[{"taxonomy":"category","embeddable":true,"href":"https:\/\/agora.xtec.cat\/escolacampclar\/wp-json\/wp\/v2\/categories?post=941"},{"taxonomy":"post_tag","embeddable":true,"href":"https:\/\/agora.xtec.cat\/escolacampclar\/wp-json\/wp\/v2\/tags?post=941"}],"curies":[{"name":"wp","href":"https:\/\/api.w.org\/{rel}","templated":true}]}}