{"id":912,"date":"2014-11-25T11:14:46","date_gmt":"2014-11-25T10:14:46","guid":{"rendered":"http:\/\/blocs.xtec.cat\/campclar\/?p=912"},"modified":"2014-11-25T11:14:46","modified_gmt":"2014-11-25T10:14:46","slug":"la-marato-de-tv3","status":"publish","type":"post","link":"https:\/\/agora.xtec.cat\/escolacampclar\/cicle-superior\/la-marato-de-tv3\/","title":{"rendered":"La Marat\u00f3 de TV3"},"content":{"rendered":"<p>Aquest any la Marat\u00f3 de TV3 \u00a0estar\u00e0 dedicada a les malalties del cor. La setmana passada vam rebre la visita de dos infermers que ens van explicar en qu\u00e8 consisteixen aquestes malalties. Vam veure v\u00eddeos de persones afectades que explicaven com \u00e9s la vida per ells.<\/p>\n<p>La sessi\u00f3 va estar molt b\u00e9 i els alumnes van aprendre molt\u00edssim.<\/p>\n<p><a href=\"http:\/\/blocs.xtec.cat\/campclar\/files\/2014\/11\/1416475344707.jpg\"><img loading=\"lazy\" decoding=\"async\" class=\"alignnone size-medium wp-image-913\" src=\"http:\/\/blocs.xtec.cat\/campclar\/files\/2014\/11\/1416475344707-300x225.jpg\" alt=\"1416475344707\" width=\"300\" height=\"225\" \/><\/a><\/p>\n","protected":false},"excerpt":{"rendered":"<p>Aquest any la Marat\u00f3 de TV3 \u00a0estar\u00e0 dedicada a les malalties del cor. La setmana passada vam rebre la visita de dos infermers que ens van explicar en qu\u00e8 consisteixen aquestes malalties. Vam veure v\u00eddeos de persones afectades que explicaven com \u00e9s la vida per&hellip;  <a href=\"https:\/\/agora.xtec.cat\/escolacampclar\/cicle-superior\/la-marato-de-tv3\/\" title=\"Read La Marat\u00f3 de TV3\">Llegeix m\u00e9s\u00bb<\/a><\/p>\n","protected":false},"author":1,"featured_media":0,"comment_status":"open","ping_status":"open","sticky":false,"template":"","format":"standard","meta":{"_bbp_topic_count":0,"_bbp_reply_count":0,"_bbp_total_topic_count":0,"_bbp_total_reply_count":0,"_bbp_voice_count":0,"_bbp_anonymous_reply_count":0,"_bbp_topic_count_hidden":0,"_bbp_reply_count_hidden":0,"_bbp_forum_subforum_count":0,"footnotes":""},"categories":[26],"tags":[],"class_list":["post-912","post","type-post","status-publish","format-standard","hentry","category-cicle-superior"],"post_mailing_queue_ids":[],"_links":{"self":[{"href":"https:\/\/agora.xtec.cat\/escolacampclar\/wp-json\/wp\/v2\/posts\/912","targetHints":{"allow":["GET"]}}],"collection":[{"href":"https:\/\/agora.xtec.cat\/escolacampclar\/wp-json\/wp\/v2\/posts"}],"about":[{"href":"https:\/\/agora.xtec.cat\/escolacampclar\/wp-json\/wp\/v2\/types\/post"}],"author":[{"embeddable":true,"href":"https:\/\/agora.xtec.cat\/escolacampclar\/wp-json\/wp\/v2\/users\/1"}],"replies":[{"embeddable":true,"href":"https:\/\/agora.xtec.cat\/escolacampclar\/wp-json\/wp\/v2\/comments?post=912"}],"version-history":[{"count":0,"href":"https:\/\/agora.xtec.cat\/escolacampclar\/wp-json\/wp\/v2\/posts\/912\/revisions"}],"wp:attachment":[{"href":"https:\/\/agora.xtec.cat\/escolacampclar\/wp-json\/wp\/v2\/media?parent=912"}],"wp:term":[{"taxonomy":"category","embeddable":true,"href":"https:\/\/agora.xtec.cat\/escolacampclar\/wp-json\/wp\/v2\/categories?post=912"},{"taxonomy":"post_tag","embeddable":true,"href":"https:\/\/agora.xtec.cat\/escolacampclar\/wp-json\/wp\/v2\/tags?post=912"}],"curies":[{"name":"wp","href":"https:\/\/api.w.org\/{rel}","templated":true}]}}