{"id":838,"date":"2014-06-10T15:37:25","date_gmt":"2014-06-10T14:37:25","guid":{"rendered":"http:\/\/blocs.xtec.cat\/campclar\/?p=838"},"modified":"2014-06-10T15:37:25","modified_gmt":"2014-06-10T14:37:25","slug":"excursio-de-cicle-inicial-al-centre-de-tarragona","status":"publish","type":"post","link":"https:\/\/agora.xtec.cat\/escolacampclar\/general\/excursio-de-cicle-inicial-al-centre-de-tarragona\/","title":{"rendered":"Excursi\u00f3 de Cicle Inicial al centre de Tarragona"},"content":{"rendered":"<p>Aqu\u00ed us fem un tastet de l&#8217;excursi\u00f3 de Cicle Inicial.<br \/>\nDesitgem que us agradi.<\/p>\n<p>Els nens i nenes de primer i segon de prim\u00e0ria van visitar alguns dels monuments hist\u00f2rics de Tarragona. Van passejar per alguns dels carrers m\u00e9s emblem\u00e0tics de la ciutat i van gaudir d&#8217;estones d&#8217;esbarjo. <\/p>\n<p><strong><object width=\"600\" height=\"400\" classid=\"clsid:d27cdb6e-ae6d-11cf-96b8-444553540000\" codebase=\"http:\/\/download.macromedia.com\/pub\/shockwave\/cabs\/flash\/swflash.cab#version=6,0,40,0\"><param name=\"src\" value=\"https:\/\/photos.gstatic.com\/media\/slideshow.swf\" \/><param name=\"flashvars\" value=\"host=picasaweb.google.com&amp;hl=ca&amp;feat=flashalbum&amp;RGB=0x000000&amp;feed=https%3A%2F%2Fpicasaweb.google.com%2Fdata%2Ffeed%2Fapi%2Fuser%2F104841660435952993388%2Falbumid%2F6022892760331979425%3Falt%3Drss%26kind%3Dphoto%26hl%3Dca\" \/><param name=\"pluginspage\" value=\"http:\/\/www.macromedia.com\/go\/getflashplayer\" \/><embed width=\"600\" height=\"400\" type=\"application\/x-shockwave-flash\" src=\"https:\/\/photos.gstatic.com\/media\/slideshow.swf\" flashvars=\"host=picasaweb.google.com&amp;hl=ca&amp;feat=flashalbum&amp;RGB=0x000000&amp;feed=https%3A%2F%2Fpicasaweb.google.com%2Fdata%2Ffeed%2Fapi%2Fuser%2F104841660435952993388%2Falbumid%2F6022892760331979425%3Falt%3Drss%26kind%3Dphoto%26hl%3Dca\" pluginspage=\"http:\/\/www.macromedia.com\/go\/getflashplayer\" \/><\/object><\/strong><\/p>\n","protected":false},"excerpt":{"rendered":"<p>Aqu\u00ed us fem un tastet de l&#8217;excursi\u00f3 de Cicle Inicial.<br \/>\nDesitgem que us agradi.<br \/>\nEls nens i nenes de primer i segon de prim\u00e0ria van visitar alguns dels monuments hist\u00f2rics de Tarragona. Van passejar per alguns dels carrers m\u00e9s emblem\u00e0tics de la ciutat i van gaudir d&#8217;estones&hellip;  <a href=\"https:\/\/agora.xtec.cat\/escolacampclar\/general\/excursio-de-cicle-inicial-al-centre-de-tarragona\/\" title=\"Read Excursi\u00f3 de Cicle Inicial al centre de Tarragona\">Llegeix m\u00e9s\u00bb<\/a><\/p>\n","protected":false},"author":1,"featured_media":0,"comment_status":"open","ping_status":"open","sticky":false,"template":"","format":"standard","meta":{"_bbp_topic_count":0,"_bbp_reply_count":0,"_bbp_total_topic_count":0,"_bbp_total_reply_count":0,"_bbp_voice_count":0,"_bbp_anonymous_reply_count":0,"_bbp_topic_count_hidden":0,"_bbp_reply_count_hidden":0,"_bbp_forum_subforum_count":0,"footnotes":""},"categories":[24,1],"tags":[],"class_list":["post-838","post","type-post","status-publish","format-standard","hentry","category-cicle-inicial","category-general"],"post_mailing_queue_ids":[],"_links":{"self":[{"href":"https:\/\/agora.xtec.cat\/escolacampclar\/wp-json\/wp\/v2\/posts\/838","targetHints":{"allow":["GET"]}}],"collection":[{"href":"https:\/\/agora.xtec.cat\/escolacampclar\/wp-json\/wp\/v2\/posts"}],"about":[{"href":"https:\/\/agora.xtec.cat\/escolacampclar\/wp-json\/wp\/v2\/types\/post"}],"author":[{"embeddable":true,"href":"https:\/\/agora.xtec.cat\/escolacampclar\/wp-json\/wp\/v2\/users\/1"}],"replies":[{"embeddable":true,"href":"https:\/\/agora.xtec.cat\/escolacampclar\/wp-json\/wp\/v2\/comments?post=838"}],"version-history":[{"count":0,"href":"https:\/\/agora.xtec.cat\/escolacampclar\/wp-json\/wp\/v2\/posts\/838\/revisions"}],"wp:attachment":[{"href":"https:\/\/agora.xtec.cat\/escolacampclar\/wp-json\/wp\/v2\/media?parent=838"}],"wp:term":[{"taxonomy":"category","embeddable":true,"href":"https:\/\/agora.xtec.cat\/escolacampclar\/wp-json\/wp\/v2\/categories?post=838"},{"taxonomy":"post_tag","embeddable":true,"href":"https:\/\/agora.xtec.cat\/escolacampclar\/wp-json\/wp\/v2\/tags?post=838"}],"curies":[{"name":"wp","href":"https:\/\/api.w.org\/{rel}","templated":true}]}}