{"id":666,"date":"2013-12-04T12:08:15","date_gmt":"2013-12-04T11:08:15","guid":{"rendered":"http:\/\/blocs.xtec.cat\/campclar\/?p=666"},"modified":"2013-12-04T12:08:15","modified_gmt":"2013-12-04T11:08:15","slug":"premis-imet-deducacio-josep-vives-i-ciurana","status":"publish","type":"post","link":"https:\/\/agora.xtec.cat\/escolacampclar\/general\/premis-imet-deducacio-josep-vives-i-ciurana\/","title":{"rendered":"Premis IMET d&#8217;Educaci\u00f3  Josep Vives i Ciurana"},"content":{"rendered":"<p>Els alumnes de P4 van guanyar un acc\u00e8ssit dels Premis IMET d&#8217;Educaci\u00f3 Josep Vives i Ciurana \u00a0a la categoria d&#8217;Educaci\u00f3 Infantil amb el projecte Trencant La Closca.<\/p>\n<p><a href=\"http:\/\/blocs.xtec.cat\/campclar\/files\/2013\/12\/josep-vives-i-ciurana.jpg\"><img loading=\"lazy\" decoding=\"async\" class=\"alignnone size-medium wp-image-667\" alt=\"josep vives i ciurana\" src=\"http:\/\/blocs.xtec.cat\/campclar\/files\/2013\/12\/josep-vives-i-ciurana-300x225.jpg\" width=\"300\" height=\"225\" \/><\/a><\/p>\n","protected":false},"excerpt":{"rendered":"<p>Els alumnes de P4 van guanyar un acc\u00e8ssit dels Premis IMET d&#8217;Educaci\u00f3 Josep Vives i Ciurana \u00a0a la categoria d&#8217;Educaci\u00f3 Infantil amb el projecte Trencant La Closca.<br \/>\n<a href=\"http:\/\/blocs.xtec.cat\/campclar\/files\/2013\/12\/josep-vives-i-ciurana.jpg\"><\/a><\/p>\n","protected":false},"author":1,"featured_media":0,"comment_status":"open","ping_status":"open","sticky":false,"template":"","format":"standard","meta":{"_bbp_topic_count":0,"_bbp_reply_count":0,"_bbp_total_topic_count":0,"_bbp_total_reply_count":0,"_bbp_voice_count":0,"_bbp_anonymous_reply_count":0,"_bbp_topic_count_hidden":0,"_bbp_reply_count_hidden":0,"_bbp_forum_subforum_count":0,"footnotes":""},"categories":[1],"tags":[],"class_list":["post-666","post","type-post","status-publish","format-standard","hentry","category-general"],"post_mailing_queue_ids":[],"_links":{"self":[{"href":"https:\/\/agora.xtec.cat\/escolacampclar\/wp-json\/wp\/v2\/posts\/666","targetHints":{"allow":["GET"]}}],"collection":[{"href":"https:\/\/agora.xtec.cat\/escolacampclar\/wp-json\/wp\/v2\/posts"}],"about":[{"href":"https:\/\/agora.xtec.cat\/escolacampclar\/wp-json\/wp\/v2\/types\/post"}],"author":[{"embeddable":true,"href":"https:\/\/agora.xtec.cat\/escolacampclar\/wp-json\/wp\/v2\/users\/1"}],"replies":[{"embeddable":true,"href":"https:\/\/agora.xtec.cat\/escolacampclar\/wp-json\/wp\/v2\/comments?post=666"}],"version-history":[{"count":0,"href":"https:\/\/agora.xtec.cat\/escolacampclar\/wp-json\/wp\/v2\/posts\/666\/revisions"}],"wp:attachment":[{"href":"https:\/\/agora.xtec.cat\/escolacampclar\/wp-json\/wp\/v2\/media?parent=666"}],"wp:term":[{"taxonomy":"category","embeddable":true,"href":"https:\/\/agora.xtec.cat\/escolacampclar\/wp-json\/wp\/v2\/categories?post=666"},{"taxonomy":"post_tag","embeddable":true,"href":"https:\/\/agora.xtec.cat\/escolacampclar\/wp-json\/wp\/v2\/tags?post=666"}],"curies":[{"name":"wp","href":"https:\/\/api.w.org\/{rel}","templated":true}]}}