{"id":586,"date":"2013-10-15T10:56:31","date_gmt":"2013-10-15T09:56:31","guid":{"rendered":"http:\/\/blocs.xtec.cat\/campclar\/?p=586"},"modified":"2013-10-15T10:56:31","modified_gmt":"2013-10-15T09:56:31","slug":"sa-majestat","status":"publish","type":"post","link":"https:\/\/agora.xtec.cat\/escolacampclar\/cicle-mitja\/sa-majestat\/","title":{"rendered":"Sa Majestat"},"content":{"rendered":"<p>Sa Majestat el Lle\u00f3 de Tarragona ens va visitar a l&#8217;escola, l&#8217;alumnat de cicle mitj\u00e0 es va divertir molt i s&#8217;ho va passar d&#8217;all\u00f2 m\u00e9s b\u00e9 amb el nostre rei!<\/p>\n<p>[youtube]http:\/\/youtu.be\/v0PvS-R-NQ0[\/youtube]<\/p>\n","protected":false},"excerpt":{"rendered":"<p>Sa Majestat el Lle\u00f3 de Tarragona ens va visitar a l&#8217;escola, l&#8217;alumnat de cicle mitj\u00e0 es va divertir molt i s&#8217;ho va passar d&#8217;all\u00f2 m\u00e9s b\u00e9 amb el nostre rei!<br \/>\n[youtube]http:\/\/youtu.be\/v0PvS-R-NQ0[\/youtube]<\/p>\n","protected":false},"author":1,"featured_media":0,"comment_status":"open","ping_status":"open","sticky":false,"template":"","format":"standard","meta":{"_bbp_topic_count":0,"_bbp_reply_count":0,"_bbp_total_topic_count":0,"_bbp_total_reply_count":0,"_bbp_voice_count":0,"_bbp_anonymous_reply_count":0,"_bbp_topic_count_hidden":0,"_bbp_reply_count_hidden":0,"_bbp_forum_subforum_count":0,"footnotes":""},"categories":[25],"tags":[],"class_list":["post-586","post","type-post","status-publish","format-standard","hentry","category-cicle-mitja"],"post_mailing_queue_ids":[],"_links":{"self":[{"href":"https:\/\/agora.xtec.cat\/escolacampclar\/wp-json\/wp\/v2\/posts\/586","targetHints":{"allow":["GET"]}}],"collection":[{"href":"https:\/\/agora.xtec.cat\/escolacampclar\/wp-json\/wp\/v2\/posts"}],"about":[{"href":"https:\/\/agora.xtec.cat\/escolacampclar\/wp-json\/wp\/v2\/types\/post"}],"author":[{"embeddable":true,"href":"https:\/\/agora.xtec.cat\/escolacampclar\/wp-json\/wp\/v2\/users\/1"}],"replies":[{"embeddable":true,"href":"https:\/\/agora.xtec.cat\/escolacampclar\/wp-json\/wp\/v2\/comments?post=586"}],"version-history":[{"count":1,"href":"https:\/\/agora.xtec.cat\/escolacampclar\/wp-json\/wp\/v2\/posts\/586\/revisions"}],"predecessor-version":[{"id":1982,"href":"https:\/\/agora.xtec.cat\/escolacampclar\/wp-json\/wp\/v2\/posts\/586\/revisions\/1982"}],"wp:attachment":[{"href":"https:\/\/agora.xtec.cat\/escolacampclar\/wp-json\/wp\/v2\/media?parent=586"}],"wp:term":[{"taxonomy":"category","embeddable":true,"href":"https:\/\/agora.xtec.cat\/escolacampclar\/wp-json\/wp\/v2\/categories?post=586"},{"taxonomy":"post_tag","embeddable":true,"href":"https:\/\/agora.xtec.cat\/escolacampclar\/wp-json\/wp\/v2\/tags?post=586"}],"curies":[{"name":"wp","href":"https:\/\/api.w.org\/{rel}","templated":true}]}}