{"id":550,"date":"2013-06-14T11:51:37","date_gmt":"2013-06-14T10:51:37","guid":{"rendered":"http:\/\/blocs.xtec.cat\/campclar\/?p=550"},"modified":"2013-06-14T11:51:37","modified_gmt":"2013-06-14T10:51:37","slug":"rifa-solidaria","status":"publish","type":"post","link":"https:\/\/agora.xtec.cat\/escolacampclar\/general\/rifa-solidaria\/","title":{"rendered":"Rifa Solid\u00e0ria"},"content":{"rendered":"<p>Gr\u00e0cies a l&#8217;aportaci\u00f3 dels mestres, AMPA i d&#8217;altres persones relacionades amb l&#8217;escola hem pogut realitzar una Rifa Solid\u00e0ria en la que han participat tots els nens i nenes de l&#8217;escola.<\/p>\n<p>Ens ho hem passat molt b\u00e9 i han aconseguit meravellos regals.<br \/>\n<embed type=\"application\/x-shockwave-flash\" width=\"288\" height=\"192\" src=\"https:\/\/static.googleusercontent.com\/external_content\/picasaweb.googleusercontent.com\/slideshow.swf\" pluginspage=\"http:\/\/www.macromedia.com\/go\/getflashplayer\" flashvars=\"host=picasaweb.google.com&amp;hl=ca&amp;feat=flashalbum&amp;RGB=0x000000&amp;feed=https%3A%2F%2Fpicasaweb.google.com%2Fdata%2Ffeed%2Fapi%2Fuser%2F104841660435952993388%2Falbumid%2F5889288566344286849%3Falt%3Drss%26kind%3Dphoto%26hl%3Dca\"><\/embed><\/p>\n","protected":false},"excerpt":{"rendered":"<p>Gr\u00e0cies a l&#8217;aportaci\u00f3 dels mestres, AMPA i d&#8217;altres persones relacionades amb l&#8217;escola hem pogut realitzar una Rifa Solid\u00e0ria en la que han participat tots els nens i nenes de l&#8217;escola.<br \/>\nEns ho hem passat molt b\u00e9 i han aconseguit meravellos regals.<\/p>\n","protected":false},"author":1,"featured_media":0,"comment_status":"open","ping_status":"open","sticky":false,"template":"","format":"standard","meta":{"_bbp_topic_count":0,"_bbp_reply_count":0,"_bbp_total_topic_count":0,"_bbp_total_reply_count":0,"_bbp_voice_count":0,"_bbp_anonymous_reply_count":0,"_bbp_topic_count_hidden":0,"_bbp_reply_count_hidden":0,"_bbp_forum_subforum_count":0,"footnotes":""},"categories":[1],"tags":[],"class_list":["post-550","post","type-post","status-publish","format-standard","hentry","category-general"],"post_mailing_queue_ids":[],"_links":{"self":[{"href":"https:\/\/agora.xtec.cat\/escolacampclar\/wp-json\/wp\/v2\/posts\/550","targetHints":{"allow":["GET"]}}],"collection":[{"href":"https:\/\/agora.xtec.cat\/escolacampclar\/wp-json\/wp\/v2\/posts"}],"about":[{"href":"https:\/\/agora.xtec.cat\/escolacampclar\/wp-json\/wp\/v2\/types\/post"}],"author":[{"embeddable":true,"href":"https:\/\/agora.xtec.cat\/escolacampclar\/wp-json\/wp\/v2\/users\/1"}],"replies":[{"embeddable":true,"href":"https:\/\/agora.xtec.cat\/escolacampclar\/wp-json\/wp\/v2\/comments?post=550"}],"version-history":[{"count":0,"href":"https:\/\/agora.xtec.cat\/escolacampclar\/wp-json\/wp\/v2\/posts\/550\/revisions"}],"wp:attachment":[{"href":"https:\/\/agora.xtec.cat\/escolacampclar\/wp-json\/wp\/v2\/media?parent=550"}],"wp:term":[{"taxonomy":"category","embeddable":true,"href":"https:\/\/agora.xtec.cat\/escolacampclar\/wp-json\/wp\/v2\/categories?post=550"},{"taxonomy":"post_tag","embeddable":true,"href":"https:\/\/agora.xtec.cat\/escolacampclar\/wp-json\/wp\/v2\/tags?post=550"}],"curies":[{"name":"wp","href":"https:\/\/api.w.org\/{rel}","templated":true}]}}