{"id":4979,"date":"2026-04-24T11:46:43","date_gmt":"2026-04-24T09:46:43","guid":{"rendered":"https:\/\/agora.xtec.cat\/escolacampclar\/?p=4979"},"modified":"2026-04-24T12:08:49","modified_gmt":"2026-04-24T10:08:49","slug":"certamen-literari-2026","status":"publish","type":"post","link":"https:\/\/agora.xtec.cat\/escolacampclar\/general\/certamen-literari-2026\/","title":{"rendered":"Certamen Literari 2026"},"content":{"rendered":"<h3 data-path-to-node=\"3\">Festa de les Lletres: Celebrem el Certamen Literari a l&#8217;escola!<\/h3>\n<p data-path-to-node=\"4\">Ahir la nostra escola es va omplir de somriures i llibres. Vam celebrar el nostre Certamen Literari, una festa molt especial on hem celebrat l\u2019esfor\u00e7 i la imaginaci\u00f3 de tots els nens i nenes.<\/p>\n<p data-path-to-node=\"5\">Qu\u00e8 hem apr\u00e8s? Durant les \u00faltimes setmanes, a les classes, tots els alumnes han escrit els seus propis contes i poemes. Ha estat una oportunitat fant\u00e0stica per:<\/p>\n<ul data-path-to-node=\"6\">\n<li>\n<p data-path-to-node=\"6,0,0\">Millorar l&#8217;escriptura: Aprendre a posar les idees sobre el paper.<\/p>\n<\/li>\n<li>\n<p data-path-to-node=\"6,1,0\">Connectar amb les arrels: Valorar la nostra llengua i la cultura del pa\u00eds a trav\u00e9s de la literatura.<\/p>\n<\/li>\n<li>\n<p data-path-to-node=\"6,2,0\">Expressar-se: Deixar volar la imaginaci\u00f3 per crear hist\u00f2ries \u00faniques.<\/p>\n<\/li>\n<\/ul>\n<p data-path-to-node=\"7\">Ahir vam fer la gran celebraci\u00f3 al pati. Va ser un moment de molta alegria on vam felicitar tots els participants. Els finalistes i guanyadors de cada classe van passar \u00a0a recollir els seus premis i regals, uns llibres fant\u00e0stics que els ajudaran a seguir gaudint de la lectura a casa.<\/p>\n<p data-path-to-node=\"8\"><b data-path-to-node=\"8\" data-index-in-node=\"0\">Un agra\u00efment especial<\/b> Aquesta festa no hauria estat possible sense la generositat de les llibreries del nostre entorn. Volem donar les gr\u00e0cies de tot cor a:<\/p>\n<ul data-path-to-node=\"9\">\n<li>\n<p data-path-to-node=\"9,0,0\"><b data-path-to-node=\"9,0,0\" data-index-in-node=\"0\">Llibreria Adser\u00e0<\/b><\/p>\n<\/li>\n<li>\n<p data-path-to-node=\"9,1,0\"><b data-path-to-node=\"9,1,0\" data-index-in-node=\"0\">Llibreria Soterrani<\/b><\/p>\n<\/li>\n<li>\n<p data-path-to-node=\"9,2,0\"><b data-path-to-node=\"9,2,0\" data-index-in-node=\"0\">Llibreria l&#8217;Arrabassada<\/b><\/p>\n<\/li>\n<\/ul>\n<p data-path-to-node=\"10\">Gr\u00e0cies per regalar-nos aquests llibres i per donar suport a l&#8217;educaci\u00f3 i la cultura dels nostres infants!<\/p>\n<p data-path-to-node=\"11\">Felicitem a tot l&#8217;alumnat per la seva feina i a les fam\u00edlies per acompanyar-nos en aquest dia tan bonic. <b data-path-to-node=\"11\" data-index-in-node=\"105\">Escriure ens fa cr\u00e9ixer!<\/b><\/p>\n<p data-path-to-node=\"12\"><i data-path-to-node=\"12\" data-index-in-node=\"0\">Podeu veure les fotos de la festa a la galeria de la web.<\/i><\/p>\n<p data-path-to-node=\"12\"><a href=\"https:\/\/agora.xtec.cat\/escolacampclar\/fotografies\/\" target=\"_blank\" rel=\"noopener\"><img loading=\"lazy\" decoding=\"async\" class=\"alignnone size-large wp-image-4981\" src=\"https:\/\/agora.xtec.cat\/escolacampclar\/wp-content\/uploads\/usu687\/2026\/04\/WhatsApp-Image-2026-04-24-at-11.35.35-1-1024x768.jpeg\" alt=\"\" width=\"1024\" height=\"768\" srcset=\"https:\/\/agora.xtec.cat\/escolacampclar\/wp-content\/uploads\/usu687\/2026\/04\/WhatsApp-Image-2026-04-24-at-11.35.35-1-1024x768.jpeg 1024w, https:\/\/agora.xtec.cat\/escolacampclar\/wp-content\/uploads\/usu687\/2026\/04\/WhatsApp-Image-2026-04-24-at-11.35.35-1-300x225.jpeg 300w, https:\/\/agora.xtec.cat\/escolacampclar\/wp-content\/uploads\/usu687\/2026\/04\/WhatsApp-Image-2026-04-24-at-11.35.35-1-768x576.jpeg 768w, https:\/\/agora.xtec.cat\/escolacampclar\/wp-content\/uploads\/usu687\/2026\/04\/WhatsApp-Image-2026-04-24-at-11.35.35-1-1536x1152.jpeg 1536w, https:\/\/agora.xtec.cat\/escolacampclar\/wp-content\/uploads\/usu687\/2026\/04\/WhatsApp-Image-2026-04-24-at-11.35.35-1-200x150.jpeg 200w, https:\/\/agora.xtec.cat\/escolacampclar\/wp-content\/uploads\/usu687\/2026\/04\/WhatsApp-Image-2026-04-24-at-11.35.35-1.jpeg 2048w\" sizes=\"auto, (max-width: 1024px) 100vw, 1024px\" \/><\/a><\/p>\n","protected":false},"excerpt":{"rendered":"<p>Festa de les Lletres: Celebrem el Certamen Literari a l&#8217;escola!<br \/>\nAhir la nostra escola es va omplir de somriures i llibres. Vam celebrar el nostre Certamen Literari, una festa molt especial on hem celebrat l\u2019esfor\u00e7 i la imaginaci\u00f3 de tots els nens i nenes.<br \/>\nQu\u00e8 hem apr\u00e8s?&hellip;  <a href=\"https:\/\/agora.xtec.cat\/escolacampclar\/general\/certamen-literari-2026\/\" title=\"Read Certamen Literari 2026\">Llegeix m\u00e9s\u00bb<\/a><\/p>\n","protected":false},"author":30,"featured_media":4981,"comment_status":"open","ping_status":"open","sticky":false,"template":"","format":"standard","meta":{"_bbp_topic_count":0,"_bbp_reply_count":0,"_bbp_total_topic_count":0,"_bbp_total_reply_count":0,"_bbp_voice_count":0,"_bbp_anonymous_reply_count":0,"_bbp_topic_count_hidden":0,"_bbp_reply_count_hidden":0,"_bbp_forum_subforum_count":0,"footnotes":""},"categories":[344,29,1,32],"tags":[],"class_list":["post-4979","post","type-post","status-publish","format-standard","has-post-thumbnail","hentry","category-escola-campclar","category-festes","category-general","category-sant-jordi"],"post_mailing_queue_ids":[],"_links":{"self":[{"href":"https:\/\/agora.xtec.cat\/escolacampclar\/wp-json\/wp\/v2\/posts\/4979","targetHints":{"allow":["GET"]}}],"collection":[{"href":"https:\/\/agora.xtec.cat\/escolacampclar\/wp-json\/wp\/v2\/posts"}],"about":[{"href":"https:\/\/agora.xtec.cat\/escolacampclar\/wp-json\/wp\/v2\/types\/post"}],"author":[{"embeddable":true,"href":"https:\/\/agora.xtec.cat\/escolacampclar\/wp-json\/wp\/v2\/users\/30"}],"replies":[{"embeddable":true,"href":"https:\/\/agora.xtec.cat\/escolacampclar\/wp-json\/wp\/v2\/comments?post=4979"}],"version-history":[{"count":2,"href":"https:\/\/agora.xtec.cat\/escolacampclar\/wp-json\/wp\/v2\/posts\/4979\/revisions"}],"predecessor-version":[{"id":4983,"href":"https:\/\/agora.xtec.cat\/escolacampclar\/wp-json\/wp\/v2\/posts\/4979\/revisions\/4983"}],"wp:featuredmedia":[{"embeddable":true,"href":"https:\/\/agora.xtec.cat\/escolacampclar\/wp-json\/wp\/v2\/media\/4981"}],"wp:attachment":[{"href":"https:\/\/agora.xtec.cat\/escolacampclar\/wp-json\/wp\/v2\/media?parent=4979"}],"wp:term":[{"taxonomy":"category","embeddable":true,"href":"https:\/\/agora.xtec.cat\/escolacampclar\/wp-json\/wp\/v2\/categories?post=4979"},{"taxonomy":"post_tag","embeddable":true,"href":"https:\/\/agora.xtec.cat\/escolacampclar\/wp-json\/wp\/v2\/tags?post=4979"}],"curies":[{"name":"wp","href":"https:\/\/api.w.org\/{rel}","templated":true}]}}