{"id":4973,"date":"2026-04-20T13:51:08","date_gmt":"2026-04-20T11:51:08","guid":{"rendered":"https:\/\/agora.xtec.cat\/escolacampclar\/?p=4973"},"modified":"2026-04-20T13:55:14","modified_gmt":"2026-04-20T11:55:14","slug":"leixut-apren-a-estalviar-aigua","status":"publish","type":"post","link":"https:\/\/agora.xtec.cat\/escolacampclar\/general\/leixut-apren-a-estalviar-aigua\/","title":{"rendered":"L\u2019Eixut apr\u00e8n a estalviar aigua"},"content":{"rendered":"<h2 data-section-id=\"xjray4\" data-start=\"128\" data-end=\"203\">L\u2019Eixut apr\u00e8n a estalviar aigua: estrenem el nostre v\u00eddeo del dec\u00e0leg<\/h2>\n<p data-start=\"205\" data-end=\"414\">Aquest trimestre, a l\u2019escola hem estat immersos en el projecte globalitzat de l\u2019aigua, que va comen\u00e7ar amb una pregunta que ens va fer pensar:<br data-start=\"351\" data-end=\"354\" \/>\ud83d\udc49 <em data-start=\"357\" data-end=\"414\">Per qu\u00e8 hem d\u2019estalviar aigua si el planeta n\u2019est\u00e0 ple?<\/em><\/p>\n<p data-start=\"416\" data-end=\"700\">El punt de partida va ser la visita sorpresa d\u2019un personatge molt especial, l\u2019Eixut, un extraterrestre que no entenia per qu\u00e8 cal cuidar l\u2019aigua. A partir d\u2019aqu\u00ed, l\u2019alumnat de tots els cursos ha investigat, reflexionat i compartit idees per donar resposta a aquesta gran pregunta.<\/p>\n<p data-start=\"702\" data-end=\"861\">Com a producte final, hem creat un v\u00eddeo en format telenot\u00edcies escolar, on presentadors i reportatges donen pas al nostre dec\u00e0leg per estalviar aigua.<\/p>\n<p data-start=\"863\" data-end=\"1098\">En el v\u00eddeo, l\u2019Eixut fa diverses accions poc responsables amb l\u2019aigua, i s\u00f3n els nens i nenes de cada nivell els qui li mostren, amb les seves pr\u00f2pies paraules, com podem fer un \u00fas m\u00e9s conscient i sostenible d\u2019aquest recurs tan valu\u00f3s.<\/p>\n<p data-start=\"1100\" data-end=\"1262\">Ha estat una experi\u00e8ncia molt motivadora, en qu\u00e8 l\u2019alumnat ha tingut un paper protagonista, combinant creativitat, treball cooperatiu i aprenentatge significatiu.<\/p>\n<p data-start=\"1264\" data-end=\"1352\">\ud83d\udcfa Ja podeu veure el v\u00eddeo a l\u2019espai:<br data-start=\"1305\" data-end=\"1308\" \/>\ud83d\udc49 <em data-start=\"1311\" data-end=\"1332\">Escola i comunitats<\/em> \u2192 ARTICLES WEB 25\/26<\/p>\n<p><a href=\"https:\/\/agora.xtec.cat\/escolacampclar\/fotografies\/\" target=\"_blank\" rel=\"noopener\"><img loading=\"lazy\" decoding=\"async\" class=\"alignnone  wp-image-4977\" src=\"https:\/\/agora.xtec.cat\/escolacampclar\/wp-content\/uploads\/usu687\/2026\/04\/portada-decaleg-1024x587.png\" alt=\"\" width=\"644\" height=\"369\" srcset=\"https:\/\/agora.xtec.cat\/escolacampclar\/wp-content\/uploads\/usu687\/2026\/04\/portada-decaleg-1024x587.png 1024w, https:\/\/agora.xtec.cat\/escolacampclar\/wp-content\/uploads\/usu687\/2026\/04\/portada-decaleg-300x172.png 300w, https:\/\/agora.xtec.cat\/escolacampclar\/wp-content\/uploads\/usu687\/2026\/04\/portada-decaleg-768x440.png 768w, https:\/\/agora.xtec.cat\/escolacampclar\/wp-content\/uploads\/usu687\/2026\/04\/portada-decaleg.png 1366w\" sizes=\"auto, (max-width: 644px) 100vw, 644px\" \/><\/a><\/p>\n<p data-start=\"1354\" data-end=\"1413\">Perqu\u00e8, com hem apr\u00e8s plegats\u2026<br data-start=\"1384\" data-end=\"1387\" \/>cada gota compta! \ud83d\udca7\ud83c\udf0d<\/p>\n","protected":false},"excerpt":{"rendered":"<p>L\u2019Eixut apr\u00e8n a estalviar aigua: estrenem el nostre v\u00eddeo del dec\u00e0leg<br \/>\nAquest trimestre, a l\u2019escola hem estat immersos en el projecte globalitzat de l\u2019aigua, que va comen\u00e7ar amb una pregunta que ens va fer pensar:\ud83d\udc49 Per qu\u00e8 hem d\u2019estalviar aigua si el planeta n\u2019est\u00e0 ple?<br \/>\nEl punt&hellip;  <a href=\"https:\/\/agora.xtec.cat\/escolacampclar\/general\/leixut-apren-a-estalviar-aigua\/\" title=\"Read L\u2019Eixut apr\u00e8n a estalviar aigua\">Llegeix m\u00e9s\u00bb<\/a><\/p>\n","protected":false},"author":30,"featured_media":4977,"comment_status":"open","ping_status":"open","sticky":false,"template":"","format":"standard","meta":{"_bbp_topic_count":0,"_bbp_reply_count":0,"_bbp_total_topic_count":0,"_bbp_total_reply_count":0,"_bbp_voice_count":0,"_bbp_anonymous_reply_count":0,"_bbp_topic_count_hidden":0,"_bbp_reply_count_hidden":0,"_bbp_forum_subforum_count":0,"footnotes":""},"categories":[344,1,447],"tags":[],"class_list":["post-4973","post","type-post","status-publish","format-standard","has-post-thumbnail","hentry","category-escola-campclar","category-general","category-treball-globalitzat"],"post_mailing_queue_ids":[],"_links":{"self":[{"href":"https:\/\/agora.xtec.cat\/escolacampclar\/wp-json\/wp\/v2\/posts\/4973","targetHints":{"allow":["GET"]}}],"collection":[{"href":"https:\/\/agora.xtec.cat\/escolacampclar\/wp-json\/wp\/v2\/posts"}],"about":[{"href":"https:\/\/agora.xtec.cat\/escolacampclar\/wp-json\/wp\/v2\/types\/post"}],"author":[{"embeddable":true,"href":"https:\/\/agora.xtec.cat\/escolacampclar\/wp-json\/wp\/v2\/users\/30"}],"replies":[{"embeddable":true,"href":"https:\/\/agora.xtec.cat\/escolacampclar\/wp-json\/wp\/v2\/comments?post=4973"}],"version-history":[{"count":2,"href":"https:\/\/agora.xtec.cat\/escolacampclar\/wp-json\/wp\/v2\/posts\/4973\/revisions"}],"predecessor-version":[{"id":4978,"href":"https:\/\/agora.xtec.cat\/escolacampclar\/wp-json\/wp\/v2\/posts\/4973\/revisions\/4978"}],"wp:featuredmedia":[{"embeddable":true,"href":"https:\/\/agora.xtec.cat\/escolacampclar\/wp-json\/wp\/v2\/media\/4977"}],"wp:attachment":[{"href":"https:\/\/agora.xtec.cat\/escolacampclar\/wp-json\/wp\/v2\/media?parent=4973"}],"wp:term":[{"taxonomy":"category","embeddable":true,"href":"https:\/\/agora.xtec.cat\/escolacampclar\/wp-json\/wp\/v2\/categories?post=4973"},{"taxonomy":"post_tag","embeddable":true,"href":"https:\/\/agora.xtec.cat\/escolacampclar\/wp-json\/wp\/v2\/tags?post=4973"}],"curies":[{"name":"wp","href":"https:\/\/api.w.org\/{rel}","templated":true}]}}