{"id":4949,"date":"2026-04-15T11:32:51","date_gmt":"2026-04-15T09:32:51","guid":{"rendered":"https:\/\/agora.xtec.cat\/escolacampclar\/?p=4949"},"modified":"2026-04-15T11:32:51","modified_gmt":"2026-04-15T09:32:51","slug":"teatre-immersiu-a-cinque","status":"publish","type":"post","link":"https:\/\/agora.xtec.cat\/escolacampclar\/general\/teatre-immersiu-a-cinque\/","title":{"rendered":"Teatre immersiu a cinqu\u00e8!"},"content":{"rendered":"<p>El passat dijous, els alumnes de 5\u00e8 de l\u2019Escola Campclar vam gaudir d\u2019una sortida d\u2019all\u00f2 m\u00e9s completa.<br \/>\nPrimer vam anar al Teatre Tarragona per viure l\u2019experi\u00e8ncia de AN-KI, una obra immersiva que ens va deixar a tots bocabadats. No va ser nom\u00e9s veure teatre, sin\u00f3 sentir-nos-hi a dins! Ens va agradar molt\u00edssim.<br \/>\nPer acabar de rodar el dia, vam visitar la Casa de la Festa. All\u00e0 vam poder veure de ben a prop els Gegants, les b\u00e8sties i tots els elements del Seguici de Tarragona que tant ens agraden.<br \/>\nUna jornada fant\u00e0stica plena de cultura i rialles!<\/p>\n<p><a href=\"https:\/\/agora.xtec.cat\/escolacampclar\/fotografies\/\" target=\"_blank\" rel=\"noopener\"><img loading=\"lazy\" decoding=\"async\" class=\"alignnone size-large wp-image-4952\" src=\"https:\/\/agora.xtec.cat\/escolacampclar\/wp-content\/uploads\/usu687\/2026\/04\/IMG_2325-2-1024x576.jpg\" alt=\"\" width=\"1024\" height=\"576\" srcset=\"https:\/\/agora.xtec.cat\/escolacampclar\/wp-content\/uploads\/usu687\/2026\/04\/IMG_2325-2-1024x576.jpg 1024w, https:\/\/agora.xtec.cat\/escolacampclar\/wp-content\/uploads\/usu687\/2026\/04\/IMG_2325-2-300x169.jpg 300w, https:\/\/agora.xtec.cat\/escolacampclar\/wp-content\/uploads\/usu687\/2026\/04\/IMG_2325-2-768x432.jpg 768w, https:\/\/agora.xtec.cat\/escolacampclar\/wp-content\/uploads\/usu687\/2026\/04\/IMG_2325-2-1536x864.jpg 1536w, https:\/\/agora.xtec.cat\/escolacampclar\/wp-content\/uploads\/usu687\/2026\/04\/IMG_2325-2-2048x1152.jpg 2048w\" sizes=\"auto, (max-width: 1024px) 100vw, 1024px\" \/><\/a><\/p>\n","protected":false},"excerpt":{"rendered":"<p>El passat dijous, els alumnes de 5\u00e8 de l\u2019Escola Campclar vam gaudir d\u2019una sortida d\u2019all\u00f2 m\u00e9s completa.<br \/>\nPrimer vam anar al Teatre Tarragona per viure l\u2019experi\u00e8ncia de AN-KI, una obra immersiva que ens va deixar a tots bocabadats. No va ser nom\u00e9s veure teatre, sin\u00f3 sentir-nos-hi&hellip;  <a href=\"https:\/\/agora.xtec.cat\/escolacampclar\/general\/teatre-immersiu-a-cinque\/\" title=\"Read Teatre immersiu a cinqu\u00e8!\">Llegeix m\u00e9s\u00bb<\/a><\/p>\n","protected":false},"author":30,"featured_media":4952,"comment_status":"open","ping_status":"open","sticky":false,"template":"","format":"standard","meta":{"_bbp_topic_count":0,"_bbp_reply_count":0,"_bbp_total_topic_count":0,"_bbp_total_reply_count":0,"_bbp_voice_count":0,"_bbp_anonymous_reply_count":0,"_bbp_topic_count_hidden":0,"_bbp_reply_count_hidden":0,"_bbp_forum_subforum_count":0,"footnotes":""},"categories":[26,344,1],"tags":[],"class_list":["post-4949","post","type-post","status-publish","format-standard","has-post-thumbnail","hentry","category-cicle-superior","category-escola-campclar","category-general"],"post_mailing_queue_ids":[],"_links":{"self":[{"href":"https:\/\/agora.xtec.cat\/escolacampclar\/wp-json\/wp\/v2\/posts\/4949","targetHints":{"allow":["GET"]}}],"collection":[{"href":"https:\/\/agora.xtec.cat\/escolacampclar\/wp-json\/wp\/v2\/posts"}],"about":[{"href":"https:\/\/agora.xtec.cat\/escolacampclar\/wp-json\/wp\/v2\/types\/post"}],"author":[{"embeddable":true,"href":"https:\/\/agora.xtec.cat\/escolacampclar\/wp-json\/wp\/v2\/users\/30"}],"replies":[{"embeddable":true,"href":"https:\/\/agora.xtec.cat\/escolacampclar\/wp-json\/wp\/v2\/comments?post=4949"}],"version-history":[{"count":1,"href":"https:\/\/agora.xtec.cat\/escolacampclar\/wp-json\/wp\/v2\/posts\/4949\/revisions"}],"predecessor-version":[{"id":4953,"href":"https:\/\/agora.xtec.cat\/escolacampclar\/wp-json\/wp\/v2\/posts\/4949\/revisions\/4953"}],"wp:featuredmedia":[{"embeddable":true,"href":"https:\/\/agora.xtec.cat\/escolacampclar\/wp-json\/wp\/v2\/media\/4952"}],"wp:attachment":[{"href":"https:\/\/agora.xtec.cat\/escolacampclar\/wp-json\/wp\/v2\/media?parent=4949"}],"wp:term":[{"taxonomy":"category","embeddable":true,"href":"https:\/\/agora.xtec.cat\/escolacampclar\/wp-json\/wp\/v2\/categories?post=4949"},{"taxonomy":"post_tag","embeddable":true,"href":"https:\/\/agora.xtec.cat\/escolacampclar\/wp-json\/wp\/v2\/tags?post=4949"}],"curies":[{"name":"wp","href":"https:\/\/api.w.org\/{rel}","templated":true}]}}