{"id":4932,"date":"2026-02-02T13:49:04","date_gmt":"2026-02-02T12:49:04","guid":{"rendered":"https:\/\/agora.xtec.cat\/escolacampclar\/?p=4932"},"modified":"2026-02-02T13:49:29","modified_gmt":"2026-02-02T12:49:29","slug":"dia-de-la-pau-6","status":"publish","type":"post","link":"https:\/\/agora.xtec.cat\/escolacampclar\/general\/dia-de-la-pau-6\/","title":{"rendered":"Dia de la Pau"},"content":{"rendered":"<p data-start=\"122\" data-end=\"462\">Divendres passat, la nostra escola va celebrar el Dia de la Pau amb un acte molt especial al pati, amb la participaci\u00f3 de tota la comunitat educativa. L\u2019esdeveniment va comen\u00e7ar amb la presentaci\u00f3 a c\u00e0rrec de la directora, que va destacar la import\u00e0ncia de fomentar els valors de la pau, el respecte i la conviv\u00e8ncia entre tots i totes.<\/p>\n<p data-start=\"464\" data-end=\"661\">Tot seguit, els alumnes de sis\u00e8 van llegir un manifest sobre la pau, un missatge ple de reflexi\u00f3 i comprom\u00eds que va ser escoltat amb molta atenci\u00f3 per tot l\u2019alumnat i el professorat del centre.<\/p>\n<p data-start=\"663\" data-end=\"935\">Per cloure l\u2019acte, tota l\u2019escola va cantar la can\u00e7\u00f3 \u201cEl swing de la pau\u201d, situats al voltant d\u2019un gran cor dibuixat al pati, s\u00edmbol d\u2019uni\u00f3 i esperan\u00e7a. El bon temps ens va acompanyar i va permetre celebrar aquest dia tan significatiu en un ambient alegre i emotiu.<\/p>\n<p data-start=\"937\" data-end=\"1046\">Sens dubte, va ser una jornada molt especial que ens recorda la import\u00e0ncia de treballar la pau cada dia.<\/p>\n<p data-start=\"937\" data-end=\"1046\"><a href=\"https:\/\/agora.xtec.cat\/escolacampclar\/fotografies\/\" target=\"_blank\" rel=\"noopener\"><img loading=\"lazy\" decoding=\"async\" class=\"alignnone size-large wp-image-4934\" src=\"https:\/\/agora.xtec.cat\/escolacampclar\/wp-content\/uploads\/usu687\/2026\/02\/dia-d-la-pau-portada-1024x768.jpeg\" alt=\"\" width=\"1024\" height=\"768\" srcset=\"https:\/\/agora.xtec.cat\/escolacampclar\/wp-content\/uploads\/usu687\/2026\/02\/dia-d-la-pau-portada-1024x768.jpeg 1024w, https:\/\/agora.xtec.cat\/escolacampclar\/wp-content\/uploads\/usu687\/2026\/02\/dia-d-la-pau-portada-300x225.jpeg 300w, https:\/\/agora.xtec.cat\/escolacampclar\/wp-content\/uploads\/usu687\/2026\/02\/dia-d-la-pau-portada-768x576.jpeg 768w, https:\/\/agora.xtec.cat\/escolacampclar\/wp-content\/uploads\/usu687\/2026\/02\/dia-d-la-pau-portada-1536x1152.jpeg 1536w, https:\/\/agora.xtec.cat\/escolacampclar\/wp-content\/uploads\/usu687\/2026\/02\/dia-d-la-pau-portada-200x150.jpeg 200w, https:\/\/agora.xtec.cat\/escolacampclar\/wp-content\/uploads\/usu687\/2026\/02\/dia-d-la-pau-portada.jpeg 1600w\" sizes=\"auto, (max-width: 1024px) 100vw, 1024px\" \/><\/a><\/p>\n","protected":false},"excerpt":{"rendered":"<p>Divendres passat, la nostra escola va celebrar el Dia de la Pau amb un acte molt especial al pati, amb la participaci\u00f3 de tota la comunitat educativa. L\u2019esdeveniment va comen\u00e7ar amb la presentaci\u00f3 a c\u00e0rrec de la directora, que va destacar la import\u00e0ncia de fomentar&hellip;  <a href=\"https:\/\/agora.xtec.cat\/escolacampclar\/general\/dia-de-la-pau-6\/\" title=\"Read Dia de la Pau\">Llegeix m\u00e9s\u00bb<\/a><\/p>\n","protected":false},"author":30,"featured_media":4934,"comment_status":"open","ping_status":"open","sticky":false,"template":"","format":"standard","meta":{"_bbp_topic_count":0,"_bbp_reply_count":0,"_bbp_total_topic_count":0,"_bbp_total_reply_count":0,"_bbp_voice_count":0,"_bbp_anonymous_reply_count":0,"_bbp_topic_count_hidden":0,"_bbp_reply_count_hidden":0,"_bbp_forum_subforum_count":0,"footnotes":""},"categories":[1],"tags":[],"class_list":["post-4932","post","type-post","status-publish","format-standard","has-post-thumbnail","hentry","category-general"],"post_mailing_queue_ids":[],"_links":{"self":[{"href":"https:\/\/agora.xtec.cat\/escolacampclar\/wp-json\/wp\/v2\/posts\/4932","targetHints":{"allow":["GET"]}}],"collection":[{"href":"https:\/\/agora.xtec.cat\/escolacampclar\/wp-json\/wp\/v2\/posts"}],"about":[{"href":"https:\/\/agora.xtec.cat\/escolacampclar\/wp-json\/wp\/v2\/types\/post"}],"author":[{"embeddable":true,"href":"https:\/\/agora.xtec.cat\/escolacampclar\/wp-json\/wp\/v2\/users\/30"}],"replies":[{"embeddable":true,"href":"https:\/\/agora.xtec.cat\/escolacampclar\/wp-json\/wp\/v2\/comments?post=4932"}],"version-history":[{"count":1,"href":"https:\/\/agora.xtec.cat\/escolacampclar\/wp-json\/wp\/v2\/posts\/4932\/revisions"}],"predecessor-version":[{"id":4935,"href":"https:\/\/agora.xtec.cat\/escolacampclar\/wp-json\/wp\/v2\/posts\/4932\/revisions\/4935"}],"wp:featuredmedia":[{"embeddable":true,"href":"https:\/\/agora.xtec.cat\/escolacampclar\/wp-json\/wp\/v2\/media\/4934"}],"wp:attachment":[{"href":"https:\/\/agora.xtec.cat\/escolacampclar\/wp-json\/wp\/v2\/media?parent=4932"}],"wp:term":[{"taxonomy":"category","embeddable":true,"href":"https:\/\/agora.xtec.cat\/escolacampclar\/wp-json\/wp\/v2\/categories?post=4932"},{"taxonomy":"post_tag","embeddable":true,"href":"https:\/\/agora.xtec.cat\/escolacampclar\/wp-json\/wp\/v2\/tags?post=4932"}],"curies":[{"name":"wp","href":"https:\/\/api.w.org\/{rel}","templated":true}]}}