{"id":4917,"date":"2025-12-18T10:04:21","date_gmt":"2025-12-18T09:04:21","guid":{"rendered":"https:\/\/agora.xtec.cat\/escolacampclar\/?p=4917"},"modified":"2025-12-18T10:05:36","modified_gmt":"2025-12-18T09:05:36","slug":"xmas-carols-nadales-amb-ritme","status":"publish","type":"post","link":"https:\/\/agora.xtec.cat\/escolacampclar\/general\/xmas-carols-nadales-amb-ritme\/","title":{"rendered":"Xmas Carols: Nadales amb ritme!"},"content":{"rendered":"<p><b>Xmas Carols: Nadales amb ritme, angl\u00e8s i un comiat molt especial<\/b><\/p>\n<p><span style=\"font-weight: 400;\">Ahir, dimarts 17 de desembre, l&#8217;escola es va transformar en un petit escenari internacional. L&#8217;alumnat de Prim\u00e0ria, des de 1r fins a 6\u00e8, va protagonitzar les nostres Xmas Carols, omplint el centre de m\u00fasica, tradici\u00f3 anglosaxona i molt d&#8217;esperit nadalenc.<\/span><\/p>\n<h4><b>Learning English through music<\/b><\/h4>\n<p><span style=\"font-weight: 400;\">Cantar en una llengua estrangera \u00e9s una de les millors maneres de treballar la fon\u00e8tica, l&#8217;entonaci\u00f3 i el vocabulari d&#8217;una forma l\u00fadica i significativa. Ahir, els nostres alumnes van demostrar tot el que han apr\u00e8s a les classes d&#8217;angl\u00e8s, defensant les can\u00e7ons amb seguretat i alegria davant d&#8217;un p\u00fablic molt exigent i agra\u00eft: els nens i nenes d&#8217;Educaci\u00f3 Infantil, que no es van perdre detall de l&#8217;actuaci\u00f3 dels grans.<\/span><\/p>\n<h4><b>Un moment emotiu per a 6\u00e8<\/b><\/h4>\n<p><span style=\"font-weight: 400;\">Si b\u00e9 tots els grups van brillar, l&#8217;actuaci\u00f3 de 6\u00e8 va tenir un regust diferent, una barreja d&#8217;alegria i nost\u00e0lgia. Per a ells i elles, aquestes han estat les seves \u00faltimes <\/span><i><span style=\"font-weight: 400;\">Xmas Carols<\/span><\/i><span style=\"font-weight: 400;\"> a la nostra escola.<\/span><\/p>\n<p><span style=\"font-weight: 400;\">El curs vinent, les motxilles seran m\u00e9s grans i l&#8217;escenari ser\u00e0 l&#8217;institut. Veure&#8217;ls cantar ahir ens va fer adonar de com han crescut i de com estan de preparats per entomar la nova etapa de Secund\u00e0ria. Des de l&#8217;escola, volem felicitar-los especialment per ser un exemple per als m\u00e9s petits fins a l&#8217;\u00faltim moment.<\/span><\/p>\n<p><span style=\"font-weight: 400;\">Gr\u00e0cies a tot l&#8217;alumnat i a l&#8217;equip docent per fer que l&#8217;angl\u00e8s soni tan b\u00e9 a casa nostra. Merry Christmas!<\/span><\/p>\n<p>CLIQUEM A LA FOTO? (Aneu a Escola i comunitats)<\/p>\n<p><a href=\"https:\/\/agora.xtec.cat\/escolacampclar\/fotografies\/\" target=\"_blank\" rel=\"noopener\"><img loading=\"lazy\" decoding=\"async\" class=\"alignnone size-large wp-image-4916\" src=\"https:\/\/agora.xtec.cat\/escolacampclar\/wp-content\/uploads\/usu687\/2025\/12\/WhatsApp-Image-2025-12-17-at-23.21.31-1024x576.jpeg\" alt=\"\" width=\"1024\" height=\"576\" srcset=\"https:\/\/agora.xtec.cat\/escolacampclar\/wp-content\/uploads\/usu687\/2025\/12\/WhatsApp-Image-2025-12-17-at-23.21.31-1024x576.jpeg 1024w, https:\/\/agora.xtec.cat\/escolacampclar\/wp-content\/uploads\/usu687\/2025\/12\/WhatsApp-Image-2025-12-17-at-23.21.31-300x169.jpeg 300w, https:\/\/agora.xtec.cat\/escolacampclar\/wp-content\/uploads\/usu687\/2025\/12\/WhatsApp-Image-2025-12-17-at-23.21.31-768x432.jpeg 768w, https:\/\/agora.xtec.cat\/escolacampclar\/wp-content\/uploads\/usu687\/2025\/12\/WhatsApp-Image-2025-12-17-at-23.21.31-1536x864.jpeg 1536w, https:\/\/agora.xtec.cat\/escolacampclar\/wp-content\/uploads\/usu687\/2025\/12\/WhatsApp-Image-2025-12-17-at-23.21.31.jpeg 2048w\" sizes=\"auto, (max-width: 1024px) 100vw, 1024px\" \/><\/a><\/p>\n","protected":false},"excerpt":{"rendered":"<p>Xmas Carols: Nadales amb ritme, angl\u00e8s i un comiat molt especial<br \/>\nAhir, dimarts 17 de desembre, l&#8217;escola es va transformar en un petit escenari internacional. L&#8217;alumnat de Prim\u00e0ria, des de 1r fins a 6\u00e8, va protagonitzar les nostres Xmas Carols, omplint el centre de m\u00fasica, tradici\u00f3&hellip;  <a href=\"https:\/\/agora.xtec.cat\/escolacampclar\/general\/xmas-carols-nadales-amb-ritme\/\" title=\"Read Xmas Carols: Nadales amb ritme!\">Llegeix m\u00e9s\u00bb<\/a><\/p>\n","protected":false},"author":30,"featured_media":4916,"comment_status":"open","ping_status":"open","sticky":false,"template":"","format":"standard","meta":{"_bbp_topic_count":0,"_bbp_reply_count":0,"_bbp_total_topic_count":0,"_bbp_total_reply_count":0,"_bbp_voice_count":0,"_bbp_anonymous_reply_count":0,"_bbp_topic_count_hidden":0,"_bbp_reply_count_hidden":0,"_bbp_forum_subforum_count":0,"footnotes":""},"categories":[344,29,1],"tags":[],"class_list":["post-4917","post","type-post","status-publish","format-standard","has-post-thumbnail","hentry","category-escola-campclar","category-festes","category-general"],"post_mailing_queue_ids":[],"_links":{"self":[{"href":"https:\/\/agora.xtec.cat\/escolacampclar\/wp-json\/wp\/v2\/posts\/4917","targetHints":{"allow":["GET"]}}],"collection":[{"href":"https:\/\/agora.xtec.cat\/escolacampclar\/wp-json\/wp\/v2\/posts"}],"about":[{"href":"https:\/\/agora.xtec.cat\/escolacampclar\/wp-json\/wp\/v2\/types\/post"}],"author":[{"embeddable":true,"href":"https:\/\/agora.xtec.cat\/escolacampclar\/wp-json\/wp\/v2\/users\/30"}],"replies":[{"embeddable":true,"href":"https:\/\/agora.xtec.cat\/escolacampclar\/wp-json\/wp\/v2\/comments?post=4917"}],"version-history":[{"count":2,"href":"https:\/\/agora.xtec.cat\/escolacampclar\/wp-json\/wp\/v2\/posts\/4917\/revisions"}],"predecessor-version":[{"id":4919,"href":"https:\/\/agora.xtec.cat\/escolacampclar\/wp-json\/wp\/v2\/posts\/4917\/revisions\/4919"}],"wp:featuredmedia":[{"embeddable":true,"href":"https:\/\/agora.xtec.cat\/escolacampclar\/wp-json\/wp\/v2\/media\/4916"}],"wp:attachment":[{"href":"https:\/\/agora.xtec.cat\/escolacampclar\/wp-json\/wp\/v2\/media?parent=4917"}],"wp:term":[{"taxonomy":"category","embeddable":true,"href":"https:\/\/agora.xtec.cat\/escolacampclar\/wp-json\/wp\/v2\/categories?post=4917"},{"taxonomy":"post_tag","embeddable":true,"href":"https:\/\/agora.xtec.cat\/escolacampclar\/wp-json\/wp\/v2\/tags?post=4917"}],"curies":[{"name":"wp","href":"https:\/\/api.w.org\/{rel}","templated":true}]}}