{"id":4909,"date":"2025-12-17T10:39:22","date_gmt":"2025-12-17T09:39:22","guid":{"rendered":"https:\/\/agora.xtec.cat\/escolacampclar\/?p=4909"},"modified":"2025-12-19T09:58:13","modified_gmt":"2025-12-19T08:58:13","slug":"la-magia-de-la-cantata-una-jornada-de-musica","status":"publish","type":"post","link":"https:\/\/agora.xtec.cat\/escolacampclar\/general\/la-magia-de-la-cantata-una-jornada-de-musica\/","title":{"rendered":"La m\u00e0gia de la Cantata: Una jornada de m\u00fasica!"},"content":{"rendered":"<p><b>\u00a0La m\u00e0gia de la Cantata: Una jornada de m\u00fasica!<\/b><\/p>\n<p><span style=\"font-weight: 400;\">El passat dimecres 10 de desembre, el Centre C\u00edvic de Torreforta va ser l&#8217;escenari d&#8217;una de les cites m\u00e9s especials del curs: la nostra tradicional Cantata de Nadal. Va ser un mat\u00ed ple d&#8217;emocions on la m\u00fasica ens va servir per fer comunitat.<\/span><\/p>\n<p><span style=\"font-weight: 400;\">L&#8217;alumnat de 6\u00e8 va tenir un paper protagonista, convertint-se en els narradors de la jornada. A trav\u00e9s de la lectura d&#8217;un conte, van crear el fil conductor que donava pas i sentit a totes les actuacions, demostrant una gran seguretat i compet\u00e8ncia comunicativa davant del p\u00fablic.<\/span><\/p>\n<p><span style=\"font-weight: 400;\">Un dels moments m\u00e9s bonics va ser veure l&#8217;escenari com un espai compartit per tothom. Des dels infants de la SIEI fins als grups de grans, tot l&#8217;alumnat va participar activament. Aquesta imatge d&#8217;uni\u00f3 \u00e9s el millor reflex de la nostra identitat: una escola on cada infant, amb la seva singularitat, \u00e9s una pe\u00e7a clau del conjunt.<\/span><\/p>\n<p><span style=\"font-weight: 400;\">La cloenda va anar a c\u00e0rrec del grup de Coral, que juntament amb el mestre Rafa, ens van regalar una can\u00e7\u00f3 final preciosa, fruit de l&#8217;esfor\u00e7 i la il\u00b7lusi\u00f3 de les sessions setmanals. Volem agrair especialment al Rafa la seva dedicaci\u00f3 i la capacitat de transmetre aquesta passi\u00f3 per la m\u00fasica.<\/span><\/p>\n<p><span style=\"font-weight: 400;\">Gr\u00e0cies a les fam\u00edlies per acompanyar-nos i a tot l&#8217;equip per fer que l&#8217;Escola Campclar soni tan b\u00e9!<\/span><\/p>\n<p><span style=\"font-weight: 400;\">Ara ja podeu anar a la secci\u00f3 d\u2019 ESCOLA I COMUNITATS dins de fotos de l\u2019escola! Cliqueu a la foto<\/span><\/p>\n<p>&nbsp;<\/p>\n<p><a href=\"https:\/\/agora.xtec.cat\/escolacampclar\/fotografies\/\" target=\"_blank\" rel=\"noopener\"><img loading=\"lazy\" decoding=\"async\" class=\"alignnone size-large wp-image-4912\" src=\"https:\/\/agora.xtec.cat\/escolacampclar\/wp-content\/uploads\/usu687\/2025\/12\/WhatsApp-Image-2025-12-11-at-15.04.22-1024x768.jpeg\" alt=\"\" width=\"1024\" height=\"768\" srcset=\"https:\/\/agora.xtec.cat\/escolacampclar\/wp-content\/uploads\/usu687\/2025\/12\/WhatsApp-Image-2025-12-11-at-15.04.22-1024x768.jpeg 1024w, https:\/\/agora.xtec.cat\/escolacampclar\/wp-content\/uploads\/usu687\/2025\/12\/WhatsApp-Image-2025-12-11-at-15.04.22-300x225.jpeg 300w, https:\/\/agora.xtec.cat\/escolacampclar\/wp-content\/uploads\/usu687\/2025\/12\/WhatsApp-Image-2025-12-11-at-15.04.22-768x576.jpeg 768w, https:\/\/agora.xtec.cat\/escolacampclar\/wp-content\/uploads\/usu687\/2025\/12\/WhatsApp-Image-2025-12-11-at-15.04.22-1536x1152.jpeg 1536w, https:\/\/agora.xtec.cat\/escolacampclar\/wp-content\/uploads\/usu687\/2025\/12\/WhatsApp-Image-2025-12-11-at-15.04.22-200x150.jpeg 200w, https:\/\/agora.xtec.cat\/escolacampclar\/wp-content\/uploads\/usu687\/2025\/12\/WhatsApp-Image-2025-12-11-at-15.04.22.jpeg 1600w\" sizes=\"auto, (max-width: 1024px) 100vw, 1024px\" \/><\/a><\/p>\n","protected":false},"excerpt":{"rendered":"<p>\u00a0La m\u00e0gia de la Cantata: Una jornada de m\u00fasica!<br \/>\nEl passat dimecres 10 de desembre, el Centre C\u00edvic de Torreforta va ser l&#8217;escenari d&#8217;una de les cites m\u00e9s especials del curs: la nostra tradicional Cantata de Nadal. Va ser un mat\u00ed ple d&#8217;emocions on la m\u00fasica&hellip;  <a href=\"https:\/\/agora.xtec.cat\/escolacampclar\/general\/la-magia-de-la-cantata-una-jornada-de-musica\/\" title=\"Read La m\u00e0gia de la Cantata: Una jornada de m\u00fasica!\">Llegeix m\u00e9s\u00bb<\/a><\/p>\n","protected":false},"author":30,"featured_media":4912,"comment_status":"open","ping_status":"open","sticky":false,"template":"","format":"standard","meta":{"_bbp_topic_count":0,"_bbp_reply_count":0,"_bbp_total_topic_count":0,"_bbp_total_reply_count":0,"_bbp_voice_count":0,"_bbp_anonymous_reply_count":0,"_bbp_topic_count_hidden":0,"_bbp_reply_count_hidden":0,"_bbp_forum_subforum_count":0,"footnotes":""},"categories":[344,29,1,31],"tags":[],"class_list":["post-4909","post","type-post","status-publish","format-standard","has-post-thumbnail","hentry","category-escola-campclar","category-festes","category-general","category-musica"],"post_mailing_queue_ids":[],"_links":{"self":[{"href":"https:\/\/agora.xtec.cat\/escolacampclar\/wp-json\/wp\/v2\/posts\/4909","targetHints":{"allow":["GET"]}}],"collection":[{"href":"https:\/\/agora.xtec.cat\/escolacampclar\/wp-json\/wp\/v2\/posts"}],"about":[{"href":"https:\/\/agora.xtec.cat\/escolacampclar\/wp-json\/wp\/v2\/types\/post"}],"author":[{"embeddable":true,"href":"https:\/\/agora.xtec.cat\/escolacampclar\/wp-json\/wp\/v2\/users\/30"}],"replies":[{"embeddable":true,"href":"https:\/\/agora.xtec.cat\/escolacampclar\/wp-json\/wp\/v2\/comments?post=4909"}],"version-history":[{"count":1,"href":"https:\/\/agora.xtec.cat\/escolacampclar\/wp-json\/wp\/v2\/posts\/4909\/revisions"}],"predecessor-version":[{"id":4913,"href":"https:\/\/agora.xtec.cat\/escolacampclar\/wp-json\/wp\/v2\/posts\/4909\/revisions\/4913"}],"wp:featuredmedia":[{"embeddable":true,"href":"https:\/\/agora.xtec.cat\/escolacampclar\/wp-json\/wp\/v2\/media\/4912"}],"wp:attachment":[{"href":"https:\/\/agora.xtec.cat\/escolacampclar\/wp-json\/wp\/v2\/media?parent=4909"}],"wp:term":[{"taxonomy":"category","embeddable":true,"href":"https:\/\/agora.xtec.cat\/escolacampclar\/wp-json\/wp\/v2\/categories?post=4909"},{"taxonomy":"post_tag","embeddable":true,"href":"https:\/\/agora.xtec.cat\/escolacampclar\/wp-json\/wp\/v2\/tags?post=4909"}],"curies":[{"name":"wp","href":"https:\/\/api.w.org\/{rel}","templated":true}]}}