{"id":4879,"date":"2025-11-11T17:07:58","date_gmt":"2025-11-11T16:07:58","guid":{"rendered":"https:\/\/agora.xtec.cat\/escolacampclar\/?p=4879"},"modified":"2025-11-11T17:14:33","modified_gmt":"2025-11-11T16:14:33","slug":"eleccions-al-consell-escolar","status":"publish","type":"post","link":"https:\/\/agora.xtec.cat\/escolacampclar\/general\/eleccions-al-consell-escolar\/","title":{"rendered":"ELECCIONS AL CONSELL ESCOLAR"},"content":{"rendered":"<p>Ja hem iniciat el proc\u00e9s de renovaci\u00f3 dels membres del Consell Escolar i fins i tot hem rebut algunes candidatures tant de fam\u00edlies com de mestres. <span style=\"font-weight: 400;\">Volem incidir en la import\u00e0ncia que t\u00e9 pels vostres infants la implicaci\u00f3 dels se<a href=\"https:\/\/agora.xtec.cat\/escolacampclar\/wp-content\/uploads\/usu687\/2025\/11\/2.jpg\"><img loading=\"lazy\" decoding=\"async\" class=\"wp-image-4877 alignleft\" src=\"https:\/\/agora.xtec.cat\/escolacampclar\/wp-content\/uploads\/usu687\/2025\/11\/2.jpg\" alt=\"\" width=\"99\" height=\"247\" \/><\/a>us pares i mares en la vida del centre. Per aix\u00f2 us demanem la vostra participaci\u00f3 i us animem a presentar la vostra candidatura per representar les fam\u00edlies de l\u2019escola. Aquest curs es renoven del sector fam\u00edlies dos representants. Us deixem una infografia amb el calendari de tot el proc\u00e9s i de les votacions.<\/span><\/p>\n","protected":false},"excerpt":{"rendered":"<p>Ja hem iniciat el proc\u00e9s de renovaci\u00f3 dels membres del Consell Escolar i fins i tot hem rebut algunes candidatures tant de fam\u00edlies com de mestres. Volem incidir en la import\u00e0ncia que t\u00e9 pels vostres infants la implicaci\u00f3 dels se<a href=\"https:\/\/agora.xtec.cat\/escolacampclar\/wp-content\/uploads\/usu687\/2025\/11\/2.jpg\"><\/a>us pares i mares en&hellip;  <a href=\"https:\/\/agora.xtec.cat\/escolacampclar\/general\/eleccions-al-consell-escolar\/\" title=\"Read ELECCIONS AL CONSELL ESCOLAR\">Llegeix m\u00e9s\u00bb<\/a><\/p>\n","protected":false},"author":26,"featured_media":4883,"comment_status":"open","ping_status":"open","sticky":false,"template":"","format":"standard","meta":{"_bbp_topic_count":0,"_bbp_reply_count":0,"_bbp_total_topic_count":0,"_bbp_total_reply_count":0,"_bbp_voice_count":0,"_bbp_anonymous_reply_count":0,"_bbp_topic_count_hidden":0,"_bbp_reply_count_hidden":0,"_bbp_forum_subforum_count":0,"footnotes":""},"categories":[1],"tags":[],"class_list":["post-4879","post","type-post","status-publish","format-standard","has-post-thumbnail","hentry","category-general"],"post_mailing_queue_ids":[],"_links":{"self":[{"href":"https:\/\/agora.xtec.cat\/escolacampclar\/wp-json\/wp\/v2\/posts\/4879","targetHints":{"allow":["GET"]}}],"collection":[{"href":"https:\/\/agora.xtec.cat\/escolacampclar\/wp-json\/wp\/v2\/posts"}],"about":[{"href":"https:\/\/agora.xtec.cat\/escolacampclar\/wp-json\/wp\/v2\/types\/post"}],"author":[{"embeddable":true,"href":"https:\/\/agora.xtec.cat\/escolacampclar\/wp-json\/wp\/v2\/users\/26"}],"replies":[{"embeddable":true,"href":"https:\/\/agora.xtec.cat\/escolacampclar\/wp-json\/wp\/v2\/comments?post=4879"}],"version-history":[{"count":3,"href":"https:\/\/agora.xtec.cat\/escolacampclar\/wp-json\/wp\/v2\/posts\/4879\/revisions"}],"predecessor-version":[{"id":4882,"href":"https:\/\/agora.xtec.cat\/escolacampclar\/wp-json\/wp\/v2\/posts\/4879\/revisions\/4882"}],"wp:featuredmedia":[{"embeddable":true,"href":"https:\/\/agora.xtec.cat\/escolacampclar\/wp-json\/wp\/v2\/media\/4883"}],"wp:attachment":[{"href":"https:\/\/agora.xtec.cat\/escolacampclar\/wp-json\/wp\/v2\/media?parent=4879"}],"wp:term":[{"taxonomy":"category","embeddable":true,"href":"https:\/\/agora.xtec.cat\/escolacampclar\/wp-json\/wp\/v2\/categories?post=4879"},{"taxonomy":"post_tag","embeddable":true,"href":"https:\/\/agora.xtec.cat\/escolacampclar\/wp-json\/wp\/v2\/tags?post=4879"}],"curies":[{"name":"wp","href":"https:\/\/api.w.org\/{rel}","templated":true}]}}