{"id":4871,"date":"2025-11-10T16:22:25","date_gmt":"2025-11-10T15:22:25","guid":{"rendered":"https:\/\/agora.xtec.cat\/escolacampclar\/?p=4871"},"modified":"2025-11-10T16:22:25","modified_gmt":"2025-11-10T15:22:25","slug":"el-mon-de-loli","status":"publish","type":"post","link":"https:\/\/agora.xtec.cat\/escolacampclar\/general\/el-mon-de-loli\/","title":{"rendered":"El m\u00f3n de l&#8217;oli!"},"content":{"rendered":"<p>Aquest mat\u00ed a Picamoixons: tocant l\u2019oli amb les nostres mans<\/p>\n<p>Aquest mat\u00ed, els alumnes de tercer i quart hem canviat les aules pels camps de Picamoixons. Ha estat una immersi\u00f3 total en el m\u00f3n de l\u2019oli!<\/p>\n<p>Hem comen\u00e7at descobrint els tipus de regadiu i els arbres de la zona. Despr\u00e9s, el moment m\u00e9s esperat: pentinar oliveres amb les nostres mans. Sentir les olives desprenent-se de les branques ha estat una experi\u00e8ncia \u00fanica.<\/p>\n<p>Al Centre d\u2019Interpretaci\u00f3 de l\u2019Oli, un v\u00eddeo ens ha acabat d\u2019explicar tot el proc\u00e9s. Hem descobert el viatge de l\u2019oliva fins a esdevenir l\u2019&#8221;or l\u00edquid&#8221; de la nostra terra.<\/p>\n<p>Tornem amb les mans plenes d\u2019experi\u00e8ncies i el cap ple de nous coneixements. Un mat\u00ed per recordar!<\/p>\n<p>Cliquem a la foto i en veurem m\u00e9s!<\/p>\n<p><a href=\"https:\/\/agora.xtec.cat\/escolacampclar\/fotografies\/\" target=\"_blank\" rel=\"noopener\"><img loading=\"lazy\" decoding=\"async\" class=\"alignnone size-large wp-image-4873\" src=\"https:\/\/agora.xtec.cat\/escolacampclar\/wp-content\/uploads\/usu687\/2025\/11\/WhatsApp-Image-2025-11-10-at-14.17.30-1024x768.jpeg\" alt=\"\" width=\"1024\" height=\"768\" srcset=\"https:\/\/agora.xtec.cat\/escolacampclar\/wp-content\/uploads\/usu687\/2025\/11\/WhatsApp-Image-2025-11-10-at-14.17.30-1024x768.jpeg 1024w, https:\/\/agora.xtec.cat\/escolacampclar\/wp-content\/uploads\/usu687\/2025\/11\/WhatsApp-Image-2025-11-10-at-14.17.30-300x225.jpeg 300w, https:\/\/agora.xtec.cat\/escolacampclar\/wp-content\/uploads\/usu687\/2025\/11\/WhatsApp-Image-2025-11-10-at-14.17.30-768x576.jpeg 768w, https:\/\/agora.xtec.cat\/escolacampclar\/wp-content\/uploads\/usu687\/2025\/11\/WhatsApp-Image-2025-11-10-at-14.17.30-1536x1152.jpeg 1536w, https:\/\/agora.xtec.cat\/escolacampclar\/wp-content\/uploads\/usu687\/2025\/11\/WhatsApp-Image-2025-11-10-at-14.17.30-200x150.jpeg 200w, https:\/\/agora.xtec.cat\/escolacampclar\/wp-content\/uploads\/usu687\/2025\/11\/WhatsApp-Image-2025-11-10-at-14.17.30.jpeg 2048w\" sizes=\"auto, (max-width: 1024px) 100vw, 1024px\" \/><\/a><\/p>\n","protected":false},"excerpt":{"rendered":"<p>Aquest mat\u00ed a Picamoixons: tocant l\u2019oli amb les nostres mans<br \/>\nAquest mat\u00ed, els alumnes de tercer i quart hem canviat les aules pels camps de Picamoixons. Ha estat una immersi\u00f3 total en el m\u00f3n de l\u2019oli!<br \/>\nHem comen\u00e7at descobrint els tipus de regadiu i els arbres de&hellip;  <a href=\"https:\/\/agora.xtec.cat\/escolacampclar\/general\/el-mon-de-loli\/\" title=\"Read El m\u00f3n de l&#8217;oli!\">Llegeix m\u00e9s\u00bb<\/a><\/p>\n","protected":false},"author":30,"featured_media":4873,"comment_status":"open","ping_status":"open","sticky":false,"template":"","format":"standard","meta":{"_bbp_topic_count":0,"_bbp_reply_count":0,"_bbp_total_topic_count":0,"_bbp_total_reply_count":0,"_bbp_voice_count":0,"_bbp_anonymous_reply_count":0,"_bbp_topic_count_hidden":0,"_bbp_reply_count_hidden":0,"_bbp_forum_subforum_count":0,"footnotes":""},"categories":[446,445,1,415],"tags":[],"class_list":["post-4871","post","type-post","status-publish","format-standard","has-post-thumbnail","hentry","category-comunitat-grans","category-comunitat-mitjans","category-general","category-sortides"],"post_mailing_queue_ids":[],"_links":{"self":[{"href":"https:\/\/agora.xtec.cat\/escolacampclar\/wp-json\/wp\/v2\/posts\/4871","targetHints":{"allow":["GET"]}}],"collection":[{"href":"https:\/\/agora.xtec.cat\/escolacampclar\/wp-json\/wp\/v2\/posts"}],"about":[{"href":"https:\/\/agora.xtec.cat\/escolacampclar\/wp-json\/wp\/v2\/types\/post"}],"author":[{"embeddable":true,"href":"https:\/\/agora.xtec.cat\/escolacampclar\/wp-json\/wp\/v2\/users\/30"}],"replies":[{"embeddable":true,"href":"https:\/\/agora.xtec.cat\/escolacampclar\/wp-json\/wp\/v2\/comments?post=4871"}],"version-history":[{"count":1,"href":"https:\/\/agora.xtec.cat\/escolacampclar\/wp-json\/wp\/v2\/posts\/4871\/revisions"}],"predecessor-version":[{"id":4874,"href":"https:\/\/agora.xtec.cat\/escolacampclar\/wp-json\/wp\/v2\/posts\/4871\/revisions\/4874"}],"wp:featuredmedia":[{"embeddable":true,"href":"https:\/\/agora.xtec.cat\/escolacampclar\/wp-json\/wp\/v2\/media\/4873"}],"wp:attachment":[{"href":"https:\/\/agora.xtec.cat\/escolacampclar\/wp-json\/wp\/v2\/media?parent=4871"}],"wp:term":[{"taxonomy":"category","embeddable":true,"href":"https:\/\/agora.xtec.cat\/escolacampclar\/wp-json\/wp\/v2\/categories?post=4871"},{"taxonomy":"post_tag","embeddable":true,"href":"https:\/\/agora.xtec.cat\/escolacampclar\/wp-json\/wp\/v2\/tags?post=4871"}],"curies":[{"name":"wp","href":"https:\/\/api.w.org\/{rel}","templated":true}]}}