{"id":4867,"date":"2025-10-29T12:24:29","date_gmt":"2025-10-29T11:24:29","guid":{"rendered":"https:\/\/agora.xtec.cat\/escolacampclar\/?p=4867"},"modified":"2025-10-30T08:50:47","modified_gmt":"2025-10-30T07:50:47","slug":"experimentem","status":"publish","type":"post","link":"https:\/\/agora.xtec.cat\/escolacampclar\/general\/experimentem\/","title":{"rendered":"Experimentem?"},"content":{"rendered":"<p><span style=\"font-weight: 400;\">Avui, a la Comunitat de Grans (4t, 5\u00e8 i 6\u00e8), hem fet un experiment per entendre millor el cicle de l\u2019aigua dins del projecte\u00a0 relacionat amb l\u2019aigua que va engegar amb la pregunta: <\/span><i><span style=\"font-weight: 400;\">\u201cPer qu\u00e8 voleu estalviar aigua si el planeta n\u2019est\u00e0 ple?\u201d.<\/span><\/i><\/p>\n<p><span style=\"font-weight: 400;\">Els grups han comen\u00e7at formulant hip\u00f2tesis sobre qu\u00e8 passaria si ajunt\u00e0vem aigua t\u00e8bia amb colorant, la tap\u00e0vem amb paper film i hi col\u00b7loc\u00e0vem un gla\u00e7\u00f3 de gel al damunt. A mesura que l\u2019experiment avan\u00e7ava, han anat observant els canvis: com l\u2019aigua t\u00e8bia generava vapor, com aquest s\u2019acumulava al film i com es formaven petites gotes que tornaven a caure \u2014 una petita demostraci\u00f3 de l\u2019evaporaci\u00f3, la condensaci\u00f3 i la precipitaci\u00f3.<\/span><\/p>\n<p><span style=\"font-weight: 400;\">Finalment, hem compartit les conclusions i hem fet una cloenda conjunta, connectant l\u2019experiment amb el cicle natural de l\u2019aigua a la Terra.<\/span><span style=\"font-weight: 400;\"><br \/>\n<\/span><span style=\"font-weight: 400;\"> Una activitat que ens ha ajudat a veure amb els propis ulls com l\u2019aigua es transforma i es mou constantment, tot creant connexions entre la natura i nosaltres.<\/span><\/p>\n<p>A l&#8217;apartat de fotos en trobarem m\u00e9s dins de la carpeta de cada classe.<\/p>\n","protected":false},"excerpt":{"rendered":"<p>Avui, a la Comunitat de Grans (4t, 5\u00e8 i 6\u00e8), hem fet un experiment per entendre millor el cicle de l\u2019aigua dins del projecte\u00a0 relacionat amb l\u2019aigua que va engegar amb la pregunta: \u201cPer qu\u00e8 voleu estalviar aigua si el planeta n\u2019est\u00e0 ple?\u201d.<br \/>\nEls grups han&hellip;  <a href=\"https:\/\/agora.xtec.cat\/escolacampclar\/general\/experimentem\/\" title=\"Read Experimentem?\">Llegeix m\u00e9s\u00bb<\/a><\/p>\n","protected":false},"author":30,"featured_media":4863,"comment_status":"open","ping_status":"open","sticky":false,"template":"","format":"standard","meta":{"_bbp_topic_count":0,"_bbp_reply_count":0,"_bbp_total_topic_count":0,"_bbp_total_reply_count":0,"_bbp_voice_count":0,"_bbp_anonymous_reply_count":0,"_bbp_topic_count_hidden":0,"_bbp_reply_count_hidden":0,"_bbp_forum_subforum_count":0,"footnotes":""},"categories":[446,344,1,447],"tags":[],"class_list":["post-4867","post","type-post","status-publish","format-standard","has-post-thumbnail","hentry","category-comunitat-grans","category-escola-campclar","category-general","category-treball-globalitzat"],"post_mailing_queue_ids":[],"_links":{"self":[{"href":"https:\/\/agora.xtec.cat\/escolacampclar\/wp-json\/wp\/v2\/posts\/4867","targetHints":{"allow":["GET"]}}],"collection":[{"href":"https:\/\/agora.xtec.cat\/escolacampclar\/wp-json\/wp\/v2\/posts"}],"about":[{"href":"https:\/\/agora.xtec.cat\/escolacampclar\/wp-json\/wp\/v2\/types\/post"}],"author":[{"embeddable":true,"href":"https:\/\/agora.xtec.cat\/escolacampclar\/wp-json\/wp\/v2\/users\/30"}],"replies":[{"embeddable":true,"href":"https:\/\/agora.xtec.cat\/escolacampclar\/wp-json\/wp\/v2\/comments?post=4867"}],"version-history":[{"count":1,"href":"https:\/\/agora.xtec.cat\/escolacampclar\/wp-json\/wp\/v2\/posts\/4867\/revisions"}],"predecessor-version":[{"id":4868,"href":"https:\/\/agora.xtec.cat\/escolacampclar\/wp-json\/wp\/v2\/posts\/4867\/revisions\/4868"}],"wp:featuredmedia":[{"embeddable":true,"href":"https:\/\/agora.xtec.cat\/escolacampclar\/wp-json\/wp\/v2\/media\/4863"}],"wp:attachment":[{"href":"https:\/\/agora.xtec.cat\/escolacampclar\/wp-json\/wp\/v2\/media?parent=4867"}],"wp:term":[{"taxonomy":"category","embeddable":true,"href":"https:\/\/agora.xtec.cat\/escolacampclar\/wp-json\/wp\/v2\/categories?post=4867"},{"taxonomy":"post_tag","embeddable":true,"href":"https:\/\/agora.xtec.cat\/escolacampclar\/wp-json\/wp\/v2\/tags?post=4867"}],"curies":[{"name":"wp","href":"https:\/\/api.w.org\/{rel}","templated":true}]}}