{"id":4851,"date":"2025-10-02T15:33:32","date_gmt":"2025-10-02T13:33:32","guid":{"rendered":"https:\/\/agora.xtec.cat\/escolacampclar\/?p=4851"},"modified":"2025-11-24T08:50:00","modified_gmt":"2025-11-24T07:50:00","slug":"recuperem-el-francoli-una-experiencia-per-a-recordar","status":"publish","type":"post","link":"https:\/\/agora.xtec.cat\/escolacampclar\/general\/recuperem-el-francoli-una-experiencia-per-a-recordar\/","title":{"rendered":"Recuperem el Francol\u00ed: una experi\u00e8ncia per  a recordar"},"content":{"rendered":"<p>Aquesta setmana, els grups de cinqu\u00e8 i sis\u00e8 hem viscut una jornada molt especial: hem participat en una plantada d\u2019arbres, arbustos i plantes aut\u00f2ctones amb l\u2019objectiu de restaurar l\u2019ecosistema de ribera del riu Francol\u00ed.<\/p>\n<p>L\u2019activitat l\u2019hem dut a terme a la zona de Sant Salvador i ha estat possible gr\u00e0cies a la col\u00b7laboraci\u00f3 amb la Associaci\u00f3 Aurora, una entitat que treballa en entorns naturals i promou la millora de la qualitat de vida i l\u2019autonomia de les persones amb problemes de salut mental i de les seves fam\u00edlies.<\/p>\n<p>Durant la jornada, l\u2019alumnat ha apr\u00e8s les caracter\u00edstiques dels ecosistemes t\u00edpics de la zona i la import\u00e0ncia de preservar-los. Per\u00f2 sobretot, hem tingut l\u2019oportunitat de posar-hi les mans i reforestar un espai amb noves plantacions que, amb el temps, ajudaran a millorar la biodiversitat i a tenir un entorn m\u00e9s verd i saludable.<\/p>\n<p>Els nens i nenes han estat molt motivats i implicats. Tant, que quan va arribar l\u2019hora de marxar, molts no volien que s\u2019acab\u00e9s l\u2019activitat!<\/p>\n<p><a href=\"https:\/\/agora.xtec.cat\/escolacampclar\/fotografies\/\" target=\"_blank\" rel=\"noopener\"><img loading=\"lazy\" decoding=\"async\" class=\"alignnone size-large wp-image-4854\" src=\"https:\/\/agora.xtec.cat\/escolacampclar\/wp-content\/uploads\/usu687\/2025\/10\/portada-plantada-1-1024x768.jpeg\" alt=\"\" width=\"1024\" height=\"768\" srcset=\"https:\/\/agora.xtec.cat\/escolacampclar\/wp-content\/uploads\/usu687\/2025\/10\/portada-plantada-1-1024x768.jpeg 1024w, https:\/\/agora.xtec.cat\/escolacampclar\/wp-content\/uploads\/usu687\/2025\/10\/portada-plantada-1-300x225.jpeg 300w, https:\/\/agora.xtec.cat\/escolacampclar\/wp-content\/uploads\/usu687\/2025\/10\/portada-plantada-1-768x576.jpeg 768w, https:\/\/agora.xtec.cat\/escolacampclar\/wp-content\/uploads\/usu687\/2025\/10\/portada-plantada-1-1536x1152.jpeg 1536w, https:\/\/agora.xtec.cat\/escolacampclar\/wp-content\/uploads\/usu687\/2025\/10\/portada-plantada-1-200x150.jpeg 200w, https:\/\/agora.xtec.cat\/escolacampclar\/wp-content\/uploads\/usu687\/2025\/10\/portada-plantada-1.jpeg 2048w\" sizes=\"auto, (max-width: 1024px) 100vw, 1024px\" \/><\/a><\/p>\n","protected":false},"excerpt":{"rendered":"<p>Aquesta setmana, els grups de cinqu\u00e8 i sis\u00e8 hem viscut una jornada molt especial: hem participat en una plantada d\u2019arbres, arbustos i plantes aut\u00f2ctones amb l\u2019objectiu de restaurar l\u2019ecosistema de ribera del riu Francol\u00ed.<br \/>\nL\u2019activitat l\u2019hem dut a terme a la zona de Sant Salvador i&hellip;  <a href=\"https:\/\/agora.xtec.cat\/escolacampclar\/general\/recuperem-el-francoli-una-experiencia-per-a-recordar\/\" title=\"Read Recuperem el Francol\u00ed: una experi\u00e8ncia per  a recordar\">Llegeix m\u00e9s\u00bb<\/a><\/p>\n","protected":false},"author":30,"featured_media":4854,"comment_status":"open","ping_status":"open","sticky":false,"template":"","format":"standard","meta":{"_bbp_topic_count":0,"_bbp_reply_count":0,"_bbp_total_topic_count":0,"_bbp_total_reply_count":0,"_bbp_voice_count":0,"_bbp_anonymous_reply_count":0,"_bbp_topic_count_hidden":0,"_bbp_reply_count_hidden":0,"_bbp_forum_subforum_count":0,"footnotes":""},"categories":[26,344,1],"tags":[],"class_list":["post-4851","post","type-post","status-publish","format-standard","has-post-thumbnail","hentry","category-cicle-superior","category-escola-campclar","category-general"],"post_mailing_queue_ids":[],"_links":{"self":[{"href":"https:\/\/agora.xtec.cat\/escolacampclar\/wp-json\/wp\/v2\/posts\/4851","targetHints":{"allow":["GET"]}}],"collection":[{"href":"https:\/\/agora.xtec.cat\/escolacampclar\/wp-json\/wp\/v2\/posts"}],"about":[{"href":"https:\/\/agora.xtec.cat\/escolacampclar\/wp-json\/wp\/v2\/types\/post"}],"author":[{"embeddable":true,"href":"https:\/\/agora.xtec.cat\/escolacampclar\/wp-json\/wp\/v2\/users\/30"}],"replies":[{"embeddable":true,"href":"https:\/\/agora.xtec.cat\/escolacampclar\/wp-json\/wp\/v2\/comments?post=4851"}],"version-history":[{"count":3,"href":"https:\/\/agora.xtec.cat\/escolacampclar\/wp-json\/wp\/v2\/posts\/4851\/revisions"}],"predecessor-version":[{"id":4897,"href":"https:\/\/agora.xtec.cat\/escolacampclar\/wp-json\/wp\/v2\/posts\/4851\/revisions\/4897"}],"wp:featuredmedia":[{"embeddable":true,"href":"https:\/\/agora.xtec.cat\/escolacampclar\/wp-json\/wp\/v2\/media\/4854"}],"wp:attachment":[{"href":"https:\/\/agora.xtec.cat\/escolacampclar\/wp-json\/wp\/v2\/media?parent=4851"}],"wp:term":[{"taxonomy":"category","embeddable":true,"href":"https:\/\/agora.xtec.cat\/escolacampclar\/wp-json\/wp\/v2\/categories?post=4851"},{"taxonomy":"post_tag","embeddable":true,"href":"https:\/\/agora.xtec.cat\/escolacampclar\/wp-json\/wp\/v2\/tags?post=4851"}],"curies":[{"name":"wp","href":"https:\/\/api.w.org\/{rel}","templated":true}]}}