{"id":4825,"date":"2025-09-15T21:28:17","date_gmt":"2025-09-15T19:28:17","guid":{"rendered":"https:\/\/agora.xtec.cat\/escolacampclar\/?p=4825"},"modified":"2025-09-15T21:28:17","modified_gmt":"2025-09-15T19:28:17","slug":"el-ball-de-valencians-visita-la-nostra-escola","status":"publish","type":"post","link":"https:\/\/agora.xtec.cat\/escolacampclar\/general\/el-ball-de-valencians-visita-la-nostra-escola\/","title":{"rendered":"El Ball de Valencians visita la nostra escola!"},"content":{"rendered":"<p data-start=\"286\" data-end=\"529\"><a href=\"https:\/\/agora.xtec.cat\/escolacampclar\/wp-content\/uploads\/usu687\/2025\/09\/ball-de-valencians-scaled.jpg\"><img loading=\"lazy\" decoding=\"async\" class=\"alignnone size-large wp-image-4826\" src=\"https:\/\/agora.xtec.cat\/escolacampclar\/wp-content\/uploads\/usu687\/2025\/09\/ball-de-valencians-1024x512.jpg\" alt=\"\" width=\"1024\" height=\"512\" srcset=\"https:\/\/agora.xtec.cat\/escolacampclar\/wp-content\/uploads\/usu687\/2025\/09\/ball-de-valencians-1024x512.jpg 1024w, https:\/\/agora.xtec.cat\/escolacampclar\/wp-content\/uploads\/usu687\/2025\/09\/ball-de-valencians-300x150.jpg 300w, https:\/\/agora.xtec.cat\/escolacampclar\/wp-content\/uploads\/usu687\/2025\/09\/ball-de-valencians-768x384.jpg 768w, https:\/\/agora.xtec.cat\/escolacampclar\/wp-content\/uploads\/usu687\/2025\/09\/ball-de-valencians-1536x768.jpg 1536w, https:\/\/agora.xtec.cat\/escolacampclar\/wp-content\/uploads\/usu687\/2025\/09\/ball-de-valencians-2048x1024.jpg 2048w\" sizes=\"auto, (max-width: 1024px) 100vw, 1024px\" \/><\/a><\/p>\n<p data-start=\"286\" data-end=\"529\">A<span style=\"font-family: inherit; font-size: 1em;\">vu<\/span><span style=\"font-family: inherit; font-size: 1em;\">i hem tingut una visita molt especial dins del marc de les festes de <\/span><strong style=\"font-family: inherit; font-size: 1em;\" data-start=\"358\" data-end=\"386\">Santa Tecla de Tarragona<\/strong><span style=\"font-family: inherit; font-size: 1em;\">. Els <\/span><strong style=\"font-family: inherit; font-size: 1em;\" data-start=\"392\" data-end=\"414\">Ball de Valencians<\/strong><span style=\"font-family: inherit; font-size: 1em;\"> han vingut a la nostra escola per compartir amb tots els nens i nenes aquesta tradici\u00f3 tan arrelada a la ciutat.<\/span><\/p>\n<p data-start=\"531\" data-end=\"811\">Durant la jornada, els infants han pogut descobrir l\u2019origen d\u2019aquesta dansa popular, considerada el precedent m\u00e9s antic dels castells, i han apr\u00e8s com es formen les diferents figures. Amb explicacions senzilles i una mostra en directe, els balladors han captivat grans i petits.<\/p>\n<p data-start=\"813\" data-end=\"1055\">Els nostres alumnes han gaudit d\u2019una experi\u00e8ncia \u00fanica que els ha perm\u00e8s con\u00e8ixer de m\u00e9s a prop una part important del nostre patrimoni cultural i festiu. Moments com aquest ens ajuden a <strong data-start=\"1000\" data-end=\"1052\">fer escola vinculada amb la tradici\u00f3 i la ciutat<\/strong>.<\/p>\n<p data-start=\"1057\" data-end=\"1188\">Moltes gr\u00e0cies al Ball de Valencians per la seva visita i per fer-nos viure, un any m\u00e9s, l\u2019esperit de Santa Tecla dins les aules!<\/p>\n<p data-start=\"1057\" data-end=\"1188\"><a href=\"https:\/\/drive.google.com\/drive\/folders\/1G7xj6pcrfSt3ZBQPUGngofoQaxsobhmz?usp=drive_link\">Clic aqu\u00ed per veure les fotos i v\u00eddeos!<\/a><\/p>\n","protected":false},"excerpt":{"rendered":"<p>Avui hem tingut una visita molt especial dins del marc de les festes de Santa Tecla de Tarragona. Els Ball de Valencians han vingut a la nostra escola per compartir amb tots els nens i nenes aquesta tradici\u00f3 tan arrelada a la ciutat. Durant la jornada, els infants han pogut descobrir l\u2019origen d\u2019aquesta dansa popular, [&hellip;]<\/p>\n","protected":false},"author":27,"featured_media":4826,"comment_status":"open","ping_status":"open","sticky":false,"template":"","format":"standard","meta":{"_bbp_topic_count":0,"_bbp_reply_count":0,"_bbp_total_topic_count":0,"_bbp_total_reply_count":0,"_bbp_voice_count":0,"_bbp_anonymous_reply_count":0,"_bbp_topic_count_hidden":0,"_bbp_reply_count_hidden":0,"_bbp_forum_subforum_count":0,"site-sidebar-layout":"default","site-content-layout":"","ast-site-content-layout":"","site-content-style":"default","site-sidebar-style":"default","ast-global-header-display":"","ast-banner-title-visibility":"","ast-main-header-display":"","ast-hfb-above-header-display":"","ast-hfb-below-header-display":"","ast-hfb-mobile-header-display":"","site-post-title":"","ast-breadcrumbs-content":"","ast-featured-img":"","footer-sml-layout":"","theme-transparent-header-meta":"","adv-header-id-meta":"","stick-header-meta":"","header-above-stick-meta":"","header-main-stick-meta":"","header-below-stick-meta":"","astra-migrate-meta-layouts":"default","ast-page-background-enabled":"default","ast-page-background-meta":{"desktop":{"background-color":"var(--ast-global-color-4)","background-image":"","background-repeat":"repeat","background-position":"center center","background-size":"auto","background-attachment":"scroll","background-type":"","background-media":"","overlay-type":"","overlay-color":"","overlay-opacity":"","overlay-gradient":""},"tablet":{"background-color":"","background-image":"","background-repeat":"repeat","background-position":"center center","background-size":"auto","background-attachment":"scroll","background-type":"","background-media":"","overlay-type":"","overlay-color":"","overlay-opacity":"","overlay-gradient":""},"mobile":{"background-color":"","background-image":"","background-repeat":"repeat","background-position":"center center","background-size":"auto","background-attachment":"scroll","background-type":"","background-media":"","overlay-type":"","overlay-color":"","overlay-opacity":"","overlay-gradient":""}},"ast-content-background-meta":{"desktop":{"background-color":"var(--ast-global-color-5)","background-image":"","background-repeat":"repeat","background-position":"center center","background-size":"auto","background-attachment":"scroll","background-type":"","background-media":"","overlay-type":"","overlay-color":"","overlay-opacity":"","overlay-gradient":""},"tablet":{"background-color":"var(--ast-global-color-5)","background-image":"","background-repeat":"repeat","background-position":"center center","background-size":"auto","background-attachment":"scroll","background-type":"","background-media":"","overlay-type":"","overlay-color":"","overlay-opacity":"","overlay-gradient":""},"mobile":{"background-color":"var(--ast-global-color-5)","background-image":"","background-repeat":"repeat","background-position":"center center","background-size":"auto","background-attachment":"scroll","background-type":"","background-media":"","overlay-type":"","overlay-color":"","overlay-opacity":"","overlay-gradient":""}},"footnotes":""},"categories":[25,26,59,344,29,1],"tags":[53],"class_list":["post-4825","post","type-post","status-publish","format-standard","has-post-thumbnail","hentry","category-cicle-mitja","category-cicle-superior","category-infantil","category-escola-campclar","category-festes","category-general","tag-santa-tecla"],"post_mailing_queue_ids":[],"_links":{"self":[{"href":"https:\/\/agora.xtec.cat\/escolacampclar\/wp-json\/wp\/v2\/posts\/4825","targetHints":{"allow":["GET"]}}],"collection":[{"href":"https:\/\/agora.xtec.cat\/escolacampclar\/wp-json\/wp\/v2\/posts"}],"about":[{"href":"https:\/\/agora.xtec.cat\/escolacampclar\/wp-json\/wp\/v2\/types\/post"}],"author":[{"embeddable":true,"href":"https:\/\/agora.xtec.cat\/escolacampclar\/wp-json\/wp\/v2\/users\/27"}],"replies":[{"embeddable":true,"href":"https:\/\/agora.xtec.cat\/escolacampclar\/wp-json\/wp\/v2\/comments?post=4825"}],"version-history":[{"count":1,"href":"https:\/\/agora.xtec.cat\/escolacampclar\/wp-json\/wp\/v2\/posts\/4825\/revisions"}],"predecessor-version":[{"id":4827,"href":"https:\/\/agora.xtec.cat\/escolacampclar\/wp-json\/wp\/v2\/posts\/4825\/revisions\/4827"}],"wp:featuredmedia":[{"embeddable":true,"href":"https:\/\/agora.xtec.cat\/escolacampclar\/wp-json\/wp\/v2\/media\/4826"}],"wp:attachment":[{"href":"https:\/\/agora.xtec.cat\/escolacampclar\/wp-json\/wp\/v2\/media?parent=4825"}],"wp:term":[{"taxonomy":"category","embeddable":true,"href":"https:\/\/agora.xtec.cat\/escolacampclar\/wp-json\/wp\/v2\/categories?post=4825"},{"taxonomy":"post_tag","embeddable":true,"href":"https:\/\/agora.xtec.cat\/escolacampclar\/wp-json\/wp\/v2\/tags?post=4825"}],"curies":[{"name":"wp","href":"https:\/\/api.w.org\/{rel}","templated":true}]}}