{"id":4817,"date":"2025-06-12T09:50:48","date_gmt":"2025-06-12T07:50:48","guid":{"rendered":"https:\/\/agora.xtec.cat\/escolacampclar\/?p=4817"},"modified":"2025-06-12T09:50:48","modified_gmt":"2025-06-12T07:50:48","slug":"les-colonies-a-la-rapita","status":"publish","type":"post","link":"https:\/\/agora.xtec.cat\/escolacampclar\/general\/les-colonies-a-la-rapita\/","title":{"rendered":"Les col\u00f2nies a La R\u00e0pita"},"content":{"rendered":"<p>Una experi\u00e8ncia inoblidable!<\/p>\n<p>La setmana passada, els alumnes de 5\u00e8 i 6\u00e8 vam tenir l&#8217;oportunitat de gaudir d&#8217;unes col\u00f2nies inoblidables a La R\u00e0pita. Durant aquests tres dies i dues nits, vam participar en tot tipus d\u2019activitats de lleure i aventura que ens van fer cr\u00e9ixer com a grup i viure moments \u00fanics.<\/p>\n<p>Ens vam divertir amb competicions esportives com futbol, tir amb arc i jocs tradicionals. Tamb\u00e9 vam tenir la sort de practicar esports aqu\u00e0tics com el kayak i el paddle surf, i fins i tot gaudir d&#8217;una bona estona a la piscina. Les nits van ser igual d\u2019especials: una nit vam jugar amb llanternes en jocs de nit, i l\u2019altra vam ballar i riure en una discoteca amb un concurs de ball que va posar a prova els nostres millors moviments!<\/p>\n<p>Sense dubte, aquestes col\u00f2nies han estat un \u00e8xit i ens han deixat records que mai oblidarem. Volem agrair a tots els mestres i monitors que ens han acompanyat per fer possible aquesta gran experi\u00e8ncia!<\/p>\n<p>Cliqueu a la foto! Veureu una carpeta que es diu COLONIES<\/p>\n<p><a href=\"https:\/\/agora.xtec.cat\/escolacampclar\/fotografies\/\" target=\"_blank\" rel=\"noopener\"><img loading=\"lazy\" decoding=\"async\" class=\"alignnone size-full wp-image-4818\" src=\"https:\/\/agora.xtec.cat\/escolacampclar\/wp-content\/uploads\/usu687\/2025\/06\/Captura-de-pantalla-2025-06-12-094833.png\" alt=\"\" width=\"880\" height=\"664\" srcset=\"https:\/\/agora.xtec.cat\/escolacampclar\/wp-content\/uploads\/usu687\/2025\/06\/Captura-de-pantalla-2025-06-12-094833.png 880w, https:\/\/agora.xtec.cat\/escolacampclar\/wp-content\/uploads\/usu687\/2025\/06\/Captura-de-pantalla-2025-06-12-094833-300x226.png 300w, https:\/\/agora.xtec.cat\/escolacampclar\/wp-content\/uploads\/usu687\/2025\/06\/Captura-de-pantalla-2025-06-12-094833-768x579.png 768w, https:\/\/agora.xtec.cat\/escolacampclar\/wp-content\/uploads\/usu687\/2025\/06\/Captura-de-pantalla-2025-06-12-094833-200x150.png 200w\" sizes=\"auto, (max-width: 880px) 100vw, 880px\" \/><\/a><\/p>\n","protected":false},"excerpt":{"rendered":"<p>Una experi\u00e8ncia inoblidable!<br \/>\nLa setmana passada, els alumnes de 5\u00e8 i 6\u00e8 vam tenir l&#8217;oportunitat de gaudir d&#8217;unes col\u00f2nies inoblidables a La R\u00e0pita. Durant aquests tres dies i dues nits, vam participar en tot tipus d\u2019activitats de lleure i aventura que ens van fer cr\u00e9ixer com&hellip;  <a href=\"https:\/\/agora.xtec.cat\/escolacampclar\/general\/les-colonies-a-la-rapita\/\" title=\"Read Les col\u00f2nies a La R\u00e0pita\">Llegeix m\u00e9s\u00bb<\/a><\/p>\n","protected":false},"author":30,"featured_media":4818,"comment_status":"open","ping_status":"open","sticky":false,"template":"","format":"standard","meta":{"_bbp_topic_count":0,"_bbp_reply_count":0,"_bbp_total_topic_count":0,"_bbp_total_reply_count":0,"_bbp_voice_count":0,"_bbp_anonymous_reply_count":0,"_bbp_topic_count_hidden":0,"_bbp_reply_count_hidden":0,"_bbp_forum_subforum_count":0,"footnotes":""},"categories":[345,446,1,415],"tags":[],"class_list":["post-4817","post","type-post","status-publish","format-standard","has-post-thumbnail","hentry","category-campclar","category-comunitat-grans","category-general","category-sortides"],"post_mailing_queue_ids":[],"_links":{"self":[{"href":"https:\/\/agora.xtec.cat\/escolacampclar\/wp-json\/wp\/v2\/posts\/4817","targetHints":{"allow":["GET"]}}],"collection":[{"href":"https:\/\/agora.xtec.cat\/escolacampclar\/wp-json\/wp\/v2\/posts"}],"about":[{"href":"https:\/\/agora.xtec.cat\/escolacampclar\/wp-json\/wp\/v2\/types\/post"}],"author":[{"embeddable":true,"href":"https:\/\/agora.xtec.cat\/escolacampclar\/wp-json\/wp\/v2\/users\/30"}],"replies":[{"embeddable":true,"href":"https:\/\/agora.xtec.cat\/escolacampclar\/wp-json\/wp\/v2\/comments?post=4817"}],"version-history":[{"count":1,"href":"https:\/\/agora.xtec.cat\/escolacampclar\/wp-json\/wp\/v2\/posts\/4817\/revisions"}],"predecessor-version":[{"id":4820,"href":"https:\/\/agora.xtec.cat\/escolacampclar\/wp-json\/wp\/v2\/posts\/4817\/revisions\/4820"}],"wp:featuredmedia":[{"embeddable":true,"href":"https:\/\/agora.xtec.cat\/escolacampclar\/wp-json\/wp\/v2\/media\/4818"}],"wp:attachment":[{"href":"https:\/\/agora.xtec.cat\/escolacampclar\/wp-json\/wp\/v2\/media?parent=4817"}],"wp:term":[{"taxonomy":"category","embeddable":true,"href":"https:\/\/agora.xtec.cat\/escolacampclar\/wp-json\/wp\/v2\/categories?post=4817"},{"taxonomy":"post_tag","embeddable":true,"href":"https:\/\/agora.xtec.cat\/escolacampclar\/wp-json\/wp\/v2\/tags?post=4817"}],"curies":[{"name":"wp","href":"https:\/\/api.w.org\/{rel}","templated":true}]}}