{"id":4811,"date":"2025-05-13T09:01:50","date_gmt":"2025-05-13T07:01:50","guid":{"rendered":"https:\/\/agora.xtec.cat\/escolacampclar\/?p=4811"},"modified":"2025-05-12T15:31:16","modified_gmt":"2025-05-12T13:31:16","slug":"gimcana-matematica-al-parc-de-la-ciutat","status":"publish","type":"post","link":"https:\/\/agora.xtec.cat\/escolacampclar\/general\/gimcana-matematica-al-parc-de-la-ciutat\/","title":{"rendered":"Gimcana matem\u00e0tica al Parc de la Ciutat"},"content":{"rendered":"<p>&nbsp;<\/p>\n<hr \/>\n<h3><strong>Gimcana matem\u00e0tica al Parc de la Ciutat: aprendre entre n\u00fameros i romans!<\/strong><\/h3>\n<p>Ahir vam tenir l\u2019oportunitat de fer una sortida molt especial al Parc de la Ciutat de Tarragona. El motiu? Una gimcana matem\u00e0tica que ens ha perm\u00e8s aprendre i divertir-nos a parts iguals, tot relacionant les matem\u00e0tiques amb la hist\u00f2ria de l&#8217;antiga T\u00e0rraco.<\/p>\n<p>En el marc de la celebraci\u00f3 de l\u2019aniversari de la declaraci\u00f3 de Tarragona com a Patrimoni Mundial de la Humanitat, hem volgut unir dues grans passions: els n\u00fameros i la hist\u00f2ria. Durant la gimcana, els equips havien de superar diferents proves on calia resoldre enigmes matem\u00e0tics inspirats en elements del passat rom\u00e0 de la nostra ciutat.<\/p>\n<p>Columnes, arcs, pedres mil\u00b7len\u00e0ries&#8230; tot el parc l&#8217;hem convertit amb la nostra imaginaci\u00f3\u00a0 en un escenari perfecte per descobrir com les matem\u00e0tiques tamb\u00e9 formen part de la nostra hist\u00f2ria. Ha estat\u00a0 una activitat divertida, educativa i molt engrescadora!<\/p>\n<p>Una gran manera de viure la hist\u00f2ria i les mates amb cos i \u00e0nima, a l\u2019aire lliure i en un entorn patrimonial \u00fanic.<\/p>\n<p>Aneu a fotografies, promoci\u00f3 2013 i Gimcana matem\u00e0tica! Podeu clicar a la foto.<\/p>\n<p><a href=\"https:\/\/agora.xtec.cat\/escolacampclar\/fotografies\/\" target=\"_blank\" rel=\"noopener\"><img loading=\"lazy\" decoding=\"async\" class=\"alignnone size-large wp-image-4812\" src=\"https:\/\/agora.xtec.cat\/escolacampclar\/wp-content\/uploads\/usu687\/2025\/05\/WhatsApp-Image-2025-05-12-at-13.33.59-1024x768.jpeg\" alt=\"\" width=\"1024\" height=\"768\" srcset=\"https:\/\/agora.xtec.cat\/escolacampclar\/wp-content\/uploads\/usu687\/2025\/05\/WhatsApp-Image-2025-05-12-at-13.33.59-1024x768.jpeg 1024w, https:\/\/agora.xtec.cat\/escolacampclar\/wp-content\/uploads\/usu687\/2025\/05\/WhatsApp-Image-2025-05-12-at-13.33.59-300x225.jpeg 300w, https:\/\/agora.xtec.cat\/escolacampclar\/wp-content\/uploads\/usu687\/2025\/05\/WhatsApp-Image-2025-05-12-at-13.33.59-768x576.jpeg 768w, https:\/\/agora.xtec.cat\/escolacampclar\/wp-content\/uploads\/usu687\/2025\/05\/WhatsApp-Image-2025-05-12-at-13.33.59-1536x1152.jpeg 1536w, https:\/\/agora.xtec.cat\/escolacampclar\/wp-content\/uploads\/usu687\/2025\/05\/WhatsApp-Image-2025-05-12-at-13.33.59-200x150.jpeg 200w, https:\/\/agora.xtec.cat\/escolacampclar\/wp-content\/uploads\/usu687\/2025\/05\/WhatsApp-Image-2025-05-12-at-13.33.59.jpeg 2048w\" sizes=\"auto, (max-width: 1024px) 100vw, 1024px\" \/><\/a><\/p>\n<p>&nbsp;<\/p>\n","protected":false},"excerpt":{"rendered":"<p>&nbsp;<\/p>\n<p>Gimcana matem\u00e0tica al Parc de la Ciutat: aprendre entre n\u00fameros i romans!<br \/>\nAhir vam tenir l\u2019oportunitat de fer una sortida molt especial al Parc de la Ciutat de Tarragona. El motiu? Una gimcana matem\u00e0tica que ens ha perm\u00e8s aprendre i divertir-nos a parts iguals, tot relacionant&hellip;  <a href=\"https:\/\/agora.xtec.cat\/escolacampclar\/general\/gimcana-matematica-al-parc-de-la-ciutat\/\" title=\"Read Gimcana matem\u00e0tica al Parc de la Ciutat\">Llegeix m\u00e9s\u00bb<\/a><\/p>\n","protected":false},"author":30,"featured_media":4812,"comment_status":"open","ping_status":"closed","sticky":false,"template":"","format":"standard","meta":{"_bbp_topic_count":0,"_bbp_reply_count":0,"_bbp_total_topic_count":0,"_bbp_total_reply_count":0,"_bbp_voice_count":0,"_bbp_anonymous_reply_count":0,"_bbp_topic_count_hidden":0,"_bbp_reply_count_hidden":0,"_bbp_forum_subforum_count":0,"footnotes":""},"categories":[1],"tags":[],"class_list":["post-4811","post","type-post","status-publish","format-standard","has-post-thumbnail","hentry","category-general"],"post_mailing_queue_ids":[],"_links":{"self":[{"href":"https:\/\/agora.xtec.cat\/escolacampclar\/wp-json\/wp\/v2\/posts\/4811","targetHints":{"allow":["GET"]}}],"collection":[{"href":"https:\/\/agora.xtec.cat\/escolacampclar\/wp-json\/wp\/v2\/posts"}],"about":[{"href":"https:\/\/agora.xtec.cat\/escolacampclar\/wp-json\/wp\/v2\/types\/post"}],"author":[{"embeddable":true,"href":"https:\/\/agora.xtec.cat\/escolacampclar\/wp-json\/wp\/v2\/users\/30"}],"replies":[{"embeddable":true,"href":"https:\/\/agora.xtec.cat\/escolacampclar\/wp-json\/wp\/v2\/comments?post=4811"}],"version-history":[{"count":3,"href":"https:\/\/agora.xtec.cat\/escolacampclar\/wp-json\/wp\/v2\/posts\/4811\/revisions"}],"predecessor-version":[{"id":4816,"href":"https:\/\/agora.xtec.cat\/escolacampclar\/wp-json\/wp\/v2\/posts\/4811\/revisions\/4816"}],"wp:featuredmedia":[{"embeddable":true,"href":"https:\/\/agora.xtec.cat\/escolacampclar\/wp-json\/wp\/v2\/media\/4812"}],"wp:attachment":[{"href":"https:\/\/agora.xtec.cat\/escolacampclar\/wp-json\/wp\/v2\/media?parent=4811"}],"wp:term":[{"taxonomy":"category","embeddable":true,"href":"https:\/\/agora.xtec.cat\/escolacampclar\/wp-json\/wp\/v2\/categories?post=4811"},{"taxonomy":"post_tag","embeddable":true,"href":"https:\/\/agora.xtec.cat\/escolacampclar\/wp-json\/wp\/v2\/tags?post=4811"}],"curies":[{"name":"wp","href":"https:\/\/api.w.org\/{rel}","templated":true}]}}