{"id":4797,"date":"2025-05-13T09:00:14","date_gmt":"2025-05-13T07:00:14","guid":{"rendered":"https:\/\/agora.xtec.cat\/escolacampclar\/?p=4797"},"modified":"2025-05-12T13:51:39","modified_gmt":"2025-05-12T11:51:39","slug":"visitem-linstitut-campclar","status":"publish","type":"post","link":"https:\/\/agora.xtec.cat\/escolacampclar\/general\/visitem-linstitut-campclar\/","title":{"rendered":"Visitem l&#8217;institut Campclar."},"content":{"rendered":"<p>&nbsp;<\/p>\n<h3><strong>Descobrint l\u2019arqueologia\u00a0<\/strong><\/h3>\n<p>Divendres passat, l\u2019alumnat de l\u2019Escola Campclar va fer una sortida molt especial a l\u2019Institut Campclar. En aquesta visita, vam tenir el privilegi de ser guiats per exalumnes de la nostra escola, que actualment estan immersos en un interessant projecte sobre arqueologia.<\/p>\n<p>Durant la visita, els nostres guies ens van explicar diversos aspectes b\u00e0sics del m\u00f3n de l\u2019arqueologia. Vam aprendre qu\u00e8 s\u00f3n els estrats, quines eines fan servir els arque\u00f2legs per excavar i com es fa la localitzaci\u00f3 i etiquetatge de les troballes. Tot plegat, explicat de manera molt clara i propera.<\/p>\n<p>Per acabar, vam poder visitar el seu petit museu, on tenen exposades algunes de les troballes i reconstruccions fetes pels propis alumnes. Va ser una experi\u00e8ncia molt enriquidora que ens va apropar al m\u00f3n de la ci\u00e8ncia i a la feina que fan les persones que estudien el passat.<\/p>\n<p>Agra\u00efm molt a l\u2019Institut Campclar i als exalumnes per l\u2019acollida i la dedicaci\u00f3!<\/p>\n<p>Cliqueu a la fotografia per accedir-hi a totes les fotografies.<\/p>\n<p>&nbsp;<\/p>\n<p><a href=\"https:\/\/agora.xtec.cat\/escolacampclar\/fotografies\/\" target=\"_blank\" rel=\"noopener\"><img loading=\"lazy\" decoding=\"async\" class=\"alignnone size-large wp-image-4802\" src=\"https:\/\/agora.xtec.cat\/escolacampclar\/wp-content\/uploads\/usu687\/2025\/05\/WhatsApp-Image-2025-05-12-at-13.31.56-2-1024x768.jpeg\" alt=\"\" width=\"1024\" height=\"768\" srcset=\"https:\/\/agora.xtec.cat\/escolacampclar\/wp-content\/uploads\/usu687\/2025\/05\/WhatsApp-Image-2025-05-12-at-13.31.56-2-1024x768.jpeg 1024w, https:\/\/agora.xtec.cat\/escolacampclar\/wp-content\/uploads\/usu687\/2025\/05\/WhatsApp-Image-2025-05-12-at-13.31.56-2-300x225.jpeg 300w, https:\/\/agora.xtec.cat\/escolacampclar\/wp-content\/uploads\/usu687\/2025\/05\/WhatsApp-Image-2025-05-12-at-13.31.56-2-768x576.jpeg 768w, https:\/\/agora.xtec.cat\/escolacampclar\/wp-content\/uploads\/usu687\/2025\/05\/WhatsApp-Image-2025-05-12-at-13.31.56-2-1536x1152.jpeg 1536w, https:\/\/agora.xtec.cat\/escolacampclar\/wp-content\/uploads\/usu687\/2025\/05\/WhatsApp-Image-2025-05-12-at-13.31.56-2-200x150.jpeg 200w, https:\/\/agora.xtec.cat\/escolacampclar\/wp-content\/uploads\/usu687\/2025\/05\/WhatsApp-Image-2025-05-12-at-13.31.56-2.jpeg 2048w\" sizes=\"auto, (max-width: 1024px) 100vw, 1024px\" \/><\/a><\/p>\n<p>&nbsp;<\/p>\n","protected":false},"excerpt":{"rendered":"<p>&nbsp;<br \/>\nDescobrint l\u2019arqueologia\u00a0<br \/>\nDivendres passat, l\u2019alumnat de l\u2019Escola Campclar va fer una sortida molt especial a l\u2019Institut Campclar. En aquesta visita, vam tenir el privilegi de ser guiats per exalumnes de la nostra escola, que actualment estan immersos en un interessant projecte sobre arqueologia.<br \/>\nDurant la visita, els&hellip;  <a href=\"https:\/\/agora.xtec.cat\/escolacampclar\/general\/visitem-linstitut-campclar\/\" title=\"Read Visitem l&#8217;institut Campclar.\">Llegeix m\u00e9s\u00bb<\/a><\/p>\n","protected":false},"author":30,"featured_media":4802,"comment_status":"open","ping_status":"closed","sticky":false,"template":"","format":"standard","meta":{"_bbp_topic_count":0,"_bbp_reply_count":0,"_bbp_total_topic_count":0,"_bbp_total_reply_count":0,"_bbp_voice_count":0,"_bbp_anonymous_reply_count":0,"_bbp_topic_count_hidden":0,"_bbp_reply_count_hidden":0,"_bbp_forum_subforum_count":0,"footnotes":""},"categories":[1],"tags":[],"class_list":["post-4797","post","type-post","status-publish","format-standard","has-post-thumbnail","hentry","category-general"],"post_mailing_queue_ids":[],"_links":{"self":[{"href":"https:\/\/agora.xtec.cat\/escolacampclar\/wp-json\/wp\/v2\/posts\/4797","targetHints":{"allow":["GET"]}}],"collection":[{"href":"https:\/\/agora.xtec.cat\/escolacampclar\/wp-json\/wp\/v2\/posts"}],"about":[{"href":"https:\/\/agora.xtec.cat\/escolacampclar\/wp-json\/wp\/v2\/types\/post"}],"author":[{"embeddable":true,"href":"https:\/\/agora.xtec.cat\/escolacampclar\/wp-json\/wp\/v2\/users\/30"}],"replies":[{"embeddable":true,"href":"https:\/\/agora.xtec.cat\/escolacampclar\/wp-json\/wp\/v2\/comments?post=4797"}],"version-history":[{"count":1,"href":"https:\/\/agora.xtec.cat\/escolacampclar\/wp-json\/wp\/v2\/posts\/4797\/revisions"}],"predecessor-version":[{"id":4806,"href":"https:\/\/agora.xtec.cat\/escolacampclar\/wp-json\/wp\/v2\/posts\/4797\/revisions\/4806"}],"wp:featuredmedia":[{"embeddable":true,"href":"https:\/\/agora.xtec.cat\/escolacampclar\/wp-json\/wp\/v2\/media\/4802"}],"wp:attachment":[{"href":"https:\/\/agora.xtec.cat\/escolacampclar\/wp-json\/wp\/v2\/media?parent=4797"}],"wp:term":[{"taxonomy":"category","embeddable":true,"href":"https:\/\/agora.xtec.cat\/escolacampclar\/wp-json\/wp\/v2\/categories?post=4797"},{"taxonomy":"post_tag","embeddable":true,"href":"https:\/\/agora.xtec.cat\/escolacampclar\/wp-json\/wp\/v2\/tags?post=4797"}],"curies":[{"name":"wp","href":"https:\/\/api.w.org\/{rel}","templated":true}]}}