{"id":4795,"date":"2025-05-12T13:53:14","date_gmt":"2025-05-12T11:53:14","guid":{"rendered":"https:\/\/agora.xtec.cat\/escolacampclar\/?p=4795"},"modified":"2025-05-12T13:53:39","modified_gmt":"2025-05-12T11:53:39","slug":"sortida-a-lhort-de-cal-felix","status":"publish","type":"post","link":"https:\/\/agora.xtec.cat\/escolacampclar\/general\/sortida-a-lhort-de-cal-felix\/","title":{"rendered":"SORTIDA A L&#8217;HORT DE CAL F\u00c8LIX"},"content":{"rendered":"<p><a href=\"https:\/\/agora.xtec.cat\/escolacampclar\/wp-content\/uploads\/usu687\/2025\/05\/Hort-de-Cal-Felix-scaled.jpg\"><img loading=\"lazy\" decoding=\"async\" class=\"alignnone size-large wp-image-4796\" src=\"https:\/\/agora.xtec.cat\/escolacampclar\/wp-content\/uploads\/usu687\/2025\/05\/Hort-de-Cal-Felix-1024x512.jpg\" alt=\"\" width=\"1024\" height=\"512\" srcset=\"https:\/\/agora.xtec.cat\/escolacampclar\/wp-content\/uploads\/usu687\/2025\/05\/Hort-de-Cal-Felix-1024x512.jpg 1024w, https:\/\/agora.xtec.cat\/escolacampclar\/wp-content\/uploads\/usu687\/2025\/05\/Hort-de-Cal-Felix-300x150.jpg 300w, https:\/\/agora.xtec.cat\/escolacampclar\/wp-content\/uploads\/usu687\/2025\/05\/Hort-de-Cal-Felix-768x384.jpg 768w, https:\/\/agora.xtec.cat\/escolacampclar\/wp-content\/uploads\/usu687\/2025\/05\/Hort-de-Cal-Felix-1536x768.jpg 1536w, https:\/\/agora.xtec.cat\/escolacampclar\/wp-content\/uploads\/usu687\/2025\/05\/Hort-de-Cal-Felix-2048x1024.jpg 2048w\" sizes=\"auto, (max-width: 1024px) 100vw, 1024px\" \/><\/a>\ud83c\udf3f <strong>Excursi\u00f3 a l&#8217;hort de Cal F\u00e8lix: Una experi\u00e8ncia inoblidable!<\/strong><\/p>\n<p>Els alumnes d&#8217;infantil vam tenir l\u2019oportunitat de visitar l\u2019hort de Cal F\u00e8lix, un espai preci\u00f3s situat a les Hortes de la Sorra, a la Riera de Gai\u00e0. Va ser una jornada plena d\u2019aprenentatges, descobriments i diversi\u00f3!<\/p>\n<p>\ud83c\udf43 <strong>Descobrint l\u2019agricultura ecol\u00f2gica<\/strong><\/p>\n<p>En arribar, ens van rebre els educadors del centre, que ens van explicar la import\u00e0ncia de l\u2019agricultura ecol\u00f2gica i com contribueix a cuidar el medi ambient. Els nens i nenes van poder observar de prop com es cultiven les verdures i hortalisses sense utilitzar productes qu\u00edmics, fomentant aix\u00ed la biodiversitat i la salut del s\u00f2l.<\/p>\n<p>\ud83c\udf38 <strong>Plantes arom\u00e0tiques i medicinals<\/strong><\/p>\n<p>Un altre dels tallers que vam fer va ser sobre les plantes arom\u00e0tiques i medicinals. Vam aprendre a recon\u00e8ixer plantes com la menta, la farigola i el roman\u00ed, i ens van ensenyar algunes de les seves propietats medicinals i usos culinaris. Fins i tot van fer petits rams per portar a casa!<\/p>\n<p>\ud83d\udc1d <strong>El fascinant m\u00f3n de les abelles<\/strong><\/p>\n<p>La visita no estaria completa sense endinsar-nos en el m\u00f3n de l\u2019apicultura. Vam veure de prop com viuen les abelles i la seva organitzaci\u00f3 dins de la rusc.<\/p>\n<p>\ud83c\udf7d\ufe0f <strong>Zona de p\u00edcnic i natura<\/strong><\/p>\n<p>Despr\u00e9s de tant aprendre, vam gaudir d\u2019una estona de relax a la zona de p\u00edcnic del centre, envoltats de natura i comentant tot el que hav\u00edem apr\u00e8s. Sens dubte, va ser un dia ple d\u2019emocions!<\/p>\n<p>Volem donar les gr\u00e0cies a tot l\u2019equip de l\u2019hort de Cal F\u00e8lix per la seva acollida i per fer-nos viure una experi\u00e8ncia tan enriquidora. Els alumnes van tornar amb un munt de coneixements i amb ganes de cuidar m\u00e9s el nostre entorn.<\/p>\n<p>Esperem repetir aquesta experi\u00e8ncia ben aviat!<\/p>\n<p><a href=\"https:\/\/drive.google.com\/drive\/folders\/1E4ddGeA7RK5csKC9R0kQ4sniqel-Sak3?usp=drive_link\">CLICA AQU\u00cd PER VEURE LES FOTOS de I4 i I5<\/a><\/p>\n<p><a href=\"https:\/\/drive.google.com\/drive\/folders\/1owZxnOfoiaGdVGY12g9HBgH2A4pVkubr?usp=drive_link\">CLICA AQU\u00cd PER VEURE LES FOTOS DE i3<\/a><\/p>\n<p><a href=\"https:\/\/agora.xtec.cat\/escolacampclar\/wp-content\/uploads\/usu687\/2025\/05\/Hort-de-Cal-Felix-scaled.jpg\"><img loading=\"lazy\" decoding=\"async\" class=\"alignnone size-large wp-image-4796\" src=\"https:\/\/agora.xtec.cat\/escolacampclar\/wp-content\/uploads\/usu687\/2025\/05\/Hort-de-Cal-Felix-1024x512.jpg\" alt=\"\" width=\"1024\" height=\"512\" srcset=\"https:\/\/agora.xtec.cat\/escolacampclar\/wp-content\/uploads\/usu687\/2025\/05\/Hort-de-Cal-Felix-1024x512.jpg 1024w, https:\/\/agora.xtec.cat\/escolacampclar\/wp-content\/uploads\/usu687\/2025\/05\/Hort-de-Cal-Felix-300x150.jpg 300w, https:\/\/agora.xtec.cat\/escolacampclar\/wp-content\/uploads\/usu687\/2025\/05\/Hort-de-Cal-Felix-768x384.jpg 768w, https:\/\/agora.xtec.cat\/escolacampclar\/wp-content\/uploads\/usu687\/2025\/05\/Hort-de-Cal-Felix-1536x768.jpg 1536w, https:\/\/agora.xtec.cat\/escolacampclar\/wp-content\/uploads\/usu687\/2025\/05\/Hort-de-Cal-Felix-2048x1024.jpg 2048w\" sizes=\"auto, (max-width: 1024px) 100vw, 1024px\" \/><\/a><a href=\"https:\/\/agora.xtec.cat\/escolacampclar\/wp-content\/uploads\/usu687\/2025\/05\/Hort-de-Cal-Felix-scaled.jpg\"><img loading=\"lazy\" decoding=\"async\" class=\"alignnone size-large wp-image-4796\" src=\"https:\/\/agora.xtec.cat\/escolacampclar\/wp-content\/uploads\/usu687\/2025\/05\/Hort-de-Cal-Felix-1024x512.jpg\" alt=\"\" width=\"1024\" height=\"512\" srcset=\"https:\/\/agora.xtec.cat\/escolacampclar\/wp-content\/uploads\/usu687\/2025\/05\/Hort-de-Cal-Felix-1024x512.jpg 1024w, https:\/\/agora.xtec.cat\/escolacampclar\/wp-content\/uploads\/usu687\/2025\/05\/Hort-de-Cal-Felix-300x150.jpg 300w, https:\/\/agora.xtec.cat\/escolacampclar\/wp-content\/uploads\/usu687\/2025\/05\/Hort-de-Cal-Felix-768x384.jpg 768w, https:\/\/agora.xtec.cat\/escolacampclar\/wp-content\/uploads\/usu687\/2025\/05\/Hort-de-Cal-Felix-1536x768.jpg 1536w, https:\/\/agora.xtec.cat\/escolacampclar\/wp-content\/uploads\/usu687\/2025\/05\/Hort-de-Cal-Felix-2048x1024.jpg 2048w\" sizes=\"auto, (max-width: 1024px) 100vw, 1024px\" \/><\/a><a href=\"https:\/\/agora.xtec.cat\/escolacampclar\/wp-content\/uploads\/usu687\/2025\/05\/Hort-de-Cal-Felix-scaled.jpg\"><img loading=\"lazy\" decoding=\"async\" class=\"alignnone size-large wp-image-4796\" src=\"https:\/\/agora.xtec.cat\/escolacampclar\/wp-content\/uploads\/usu687\/2025\/05\/Hort-de-Cal-Felix-1024x512.jpg\" alt=\"\" width=\"1024\" height=\"512\" srcset=\"https:\/\/agora.xtec.cat\/escolacampclar\/wp-content\/uploads\/usu687\/2025\/05\/Hort-de-Cal-Felix-1024x512.jpg 1024w, https:\/\/agora.xtec.cat\/escolacampclar\/wp-content\/uploads\/usu687\/2025\/05\/Hort-de-Cal-Felix-300x150.jpg 300w, https:\/\/agora.xtec.cat\/escolacampclar\/wp-content\/uploads\/usu687\/2025\/05\/Hort-de-Cal-Felix-768x384.jpg 768w, https:\/\/agora.xtec.cat\/escolacampclar\/wp-content\/uploads\/usu687\/2025\/05\/Hort-de-Cal-Felix-1536x768.jpg 1536w, https:\/\/agora.xtec.cat\/escolacampclar\/wp-content\/uploads\/usu687\/2025\/05\/Hort-de-Cal-Felix-2048x1024.jpg 2048w\" sizes=\"auto, (max-width: 1024px) 100vw, 1024px\" \/><\/a><\/p>\n","protected":false},"excerpt":{"rendered":"<p><a href=\"https:\/\/agora.xtec.cat\/escolacampclar\/wp-content\/uploads\/usu687\/2025\/05\/Hort-de-Cal-Felix-scaled.jpg\"><\/a>\ud83c\udf3f Excursi\u00f3 a l&#8217;hort de Cal F\u00e8lix: Una experi\u00e8ncia inoblidable!<br \/>\nEls alumnes d&#8217;infantil vam tenir l\u2019oportunitat de visitar l\u2019hort de Cal F\u00e8lix, un espai preci\u00f3s situat a les Hortes de la Sorra, a la Riera de Gai\u00e0. Va ser una jornada plena d\u2019aprenentatges, descobriments i&hellip;  <a href=\"https:\/\/agora.xtec.cat\/escolacampclar\/general\/sortida-a-lhort-de-cal-felix\/\" title=\"Read SORTIDA A L&#8217;HORT DE CAL F\u00c8LIX\">Llegeix m\u00e9s\u00bb<\/a><\/p>\n","protected":false},"author":27,"featured_media":4796,"comment_status":"open","ping_status":"closed","sticky":false,"template":"","format":"standard","meta":{"_bbp_topic_count":0,"_bbp_reply_count":0,"_bbp_total_topic_count":0,"_bbp_total_reply_count":0,"_bbp_voice_count":0,"_bbp_anonymous_reply_count":0,"_bbp_topic_count_hidden":0,"_bbp_reply_count_hidden":0,"_bbp_forum_subforum_count":0,"footnotes":""},"categories":[59,344,1],"tags":[34,42,16],"class_list":["post-4795","post","type-post","status-publish","format-standard","has-post-thumbnail","hentry","category-infantil","category-escola-campclar","category-general","tag-campclar","tag-educacio-infantil-2","tag-sortides"],"post_mailing_queue_ids":[],"_links":{"self":[{"href":"https:\/\/agora.xtec.cat\/escolacampclar\/wp-json\/wp\/v2\/posts\/4795","targetHints":{"allow":["GET"]}}],"collection":[{"href":"https:\/\/agora.xtec.cat\/escolacampclar\/wp-json\/wp\/v2\/posts"}],"about":[{"href":"https:\/\/agora.xtec.cat\/escolacampclar\/wp-json\/wp\/v2\/types\/post"}],"author":[{"embeddable":true,"href":"https:\/\/agora.xtec.cat\/escolacampclar\/wp-json\/wp\/v2\/users\/27"}],"replies":[{"embeddable":true,"href":"https:\/\/agora.xtec.cat\/escolacampclar\/wp-json\/wp\/v2\/comments?post=4795"}],"version-history":[{"count":5,"href":"https:\/\/agora.xtec.cat\/escolacampclar\/wp-json\/wp\/v2\/posts\/4795\/revisions"}],"predecessor-version":[{"id":4810,"href":"https:\/\/agora.xtec.cat\/escolacampclar\/wp-json\/wp\/v2\/posts\/4795\/revisions\/4810"}],"wp:featuredmedia":[{"embeddable":true,"href":"https:\/\/agora.xtec.cat\/escolacampclar\/wp-json\/wp\/v2\/media\/4796"}],"wp:attachment":[{"href":"https:\/\/agora.xtec.cat\/escolacampclar\/wp-json\/wp\/v2\/media?parent=4795"}],"wp:term":[{"taxonomy":"category","embeddable":true,"href":"https:\/\/agora.xtec.cat\/escolacampclar\/wp-json\/wp\/v2\/categories?post=4795"},{"taxonomy":"post_tag","embeddable":true,"href":"https:\/\/agora.xtec.cat\/escolacampclar\/wp-json\/wp\/v2\/tags?post=4795"}],"curies":[{"name":"wp","href":"https:\/\/api.w.org\/{rel}","templated":true}]}}