{"id":4786,"date":"2025-04-24T19:22:07","date_gmt":"2025-04-24T17:22:07","guid":{"rendered":"https:\/\/agora.xtec.cat\/escolacampclar\/?p=4786"},"modified":"2025-04-24T19:22:07","modified_gmt":"2025-04-24T17:22:07","slug":"visitem-tarraco","status":"publish","type":"post","link":"https:\/\/agora.xtec.cat\/escolacampclar\/general\/visitem-tarraco\/","title":{"rendered":"Visitem T\u00e0rraco"},"content":{"rendered":"<p><span style=\"font-weight: 400;\">Avui l&#8217;alumnat de sis\u00e8 de la nostra escola ha realitzat l&#8217;activitat &#8220;L&#8217;escola visita T\u00e0rraco&#8221;, una activitat organitzada pel Museu d\u2019Hist\u00f2ria de Tarragona.<\/span><\/p>\n<p><span style=\"font-weight: 400;\">L&#8217;experi\u00e8ncia ha estat molt bona i han apr\u00e8s diferents aspectes de la vida romana de forma l\u00fadica i molt did\u00e0ctica. S&#8217;han endinsat al passeig arqueol\u00f2gic, passant pel mapping de l&#8217;antiga Tarraco i hem visitat el Circ i el Pretori, lloc on han pogut vestir-se de romans.\u00a0<\/span><\/p>\n<p><span style=\"font-weight: 400;\">Con\u00e8ixer el nostre passat ens permet viure m\u00e9s activament el present.\u00a0<\/span><\/p>\n<p><span style=\"font-weight: 400;\">Aqu\u00ed podeu veure un recull d&#8217;imatges de la sortida.<\/span><\/p>\n<p>Clicant a la foto anireu a FOTOS, poseu la contrasenya i aneu a la promoci\u00f3 que toca.<\/p>\n<p>Gr\u00e0cies!<\/p>\n<p>&nbsp;<\/p>\n<p><a href=\"https:\/\/agora.xtec.cat\/escolacampclar\/fotografies\/\" target=\"_blank\" rel=\"noopener\"><img loading=\"lazy\" decoding=\"async\" class=\"alignnone size-full wp-image-4788\" src=\"https:\/\/agora.xtec.cat\/escolacampclar\/wp-content\/uploads\/usu687\/2025\/04\/Captura-de-pantalla-2025-04-24-185244.png\" alt=\"\" width=\"854\" height=\"477\" srcset=\"https:\/\/agora.xtec.cat\/escolacampclar\/wp-content\/uploads\/usu687\/2025\/04\/Captura-de-pantalla-2025-04-24-185244.png 854w, https:\/\/agora.xtec.cat\/escolacampclar\/wp-content\/uploads\/usu687\/2025\/04\/Captura-de-pantalla-2025-04-24-185244-300x168.png 300w, https:\/\/agora.xtec.cat\/escolacampclar\/wp-content\/uploads\/usu687\/2025\/04\/Captura-de-pantalla-2025-04-24-185244-768x429.png 768w\" sizes=\"auto, (max-width: 854px) 100vw, 854px\" \/><\/a><\/p>\n","protected":false},"excerpt":{"rendered":"<p>Avui l&#8217;alumnat de sis\u00e8 de la nostra escola ha realitzat l&#8217;activitat &#8220;L&#8217;escola visita T\u00e0rraco&#8221;, una activitat organitzada pel Museu d\u2019Hist\u00f2ria de Tarragona.<br \/>\nL&#8217;experi\u00e8ncia ha estat molt bona i han apr\u00e8s diferents aspectes de la vida romana de forma l\u00fadica i molt did\u00e0ctica. S&#8217;han endinsat al passeig&hellip;  <a href=\"https:\/\/agora.xtec.cat\/escolacampclar\/general\/visitem-tarraco\/\" title=\"Read Visitem T\u00e0rraco\">Llegeix m\u00e9s\u00bb<\/a><\/p>\n","protected":false},"author":30,"featured_media":4788,"comment_status":"open","ping_status":"closed","sticky":false,"template":"","format":"standard","meta":{"_bbp_topic_count":0,"_bbp_reply_count":0,"_bbp_total_topic_count":0,"_bbp_total_reply_count":0,"_bbp_voice_count":0,"_bbp_anonymous_reply_count":0,"_bbp_topic_count_hidden":0,"_bbp_reply_count_hidden":0,"_bbp_forum_subforum_count":0,"footnotes":""},"categories":[26,1],"tags":[],"class_list":["post-4786","post","type-post","status-publish","format-standard","has-post-thumbnail","hentry","category-cicle-superior","category-general"],"post_mailing_queue_ids":[],"_links":{"self":[{"href":"https:\/\/agora.xtec.cat\/escolacampclar\/wp-json\/wp\/v2\/posts\/4786","targetHints":{"allow":["GET"]}}],"collection":[{"href":"https:\/\/agora.xtec.cat\/escolacampclar\/wp-json\/wp\/v2\/posts"}],"about":[{"href":"https:\/\/agora.xtec.cat\/escolacampclar\/wp-json\/wp\/v2\/types\/post"}],"author":[{"embeddable":true,"href":"https:\/\/agora.xtec.cat\/escolacampclar\/wp-json\/wp\/v2\/users\/30"}],"replies":[{"embeddable":true,"href":"https:\/\/agora.xtec.cat\/escolacampclar\/wp-json\/wp\/v2\/comments?post=4786"}],"version-history":[{"count":1,"href":"https:\/\/agora.xtec.cat\/escolacampclar\/wp-json\/wp\/v2\/posts\/4786\/revisions"}],"predecessor-version":[{"id":4789,"href":"https:\/\/agora.xtec.cat\/escolacampclar\/wp-json\/wp\/v2\/posts\/4786\/revisions\/4789"}],"wp:featuredmedia":[{"embeddable":true,"href":"https:\/\/agora.xtec.cat\/escolacampclar\/wp-json\/wp\/v2\/media\/4788"}],"wp:attachment":[{"href":"https:\/\/agora.xtec.cat\/escolacampclar\/wp-json\/wp\/v2\/media?parent=4786"}],"wp:term":[{"taxonomy":"category","embeddable":true,"href":"https:\/\/agora.xtec.cat\/escolacampclar\/wp-json\/wp\/v2\/categories?post=4786"},{"taxonomy":"post_tag","embeddable":true,"href":"https:\/\/agora.xtec.cat\/escolacampclar\/wp-json\/wp\/v2\/tags?post=4786"}],"curies":[{"name":"wp","href":"https:\/\/api.w.org\/{rel}","templated":true}]}}