{"id":4777,"date":"2025-04-23T12:33:18","date_gmt":"2025-04-23T10:33:18","guid":{"rendered":"https:\/\/agora.xtec.cat\/escolacampclar\/?p=4777"},"modified":"2025-04-23T12:38:48","modified_gmt":"2025-04-23T10:38:48","slug":"el-drac-del-nostre-poble-5","status":"publish","type":"post","link":"https:\/\/agora.xtec.cat\/escolacampclar\/general\/el-drac-del-nostre-poble-5\/","title":{"rendered":"El drac del nostre poble"},"content":{"rendered":"<p>&nbsp;<\/p>\n<p>Aquest Sant Jordi, un any m\u00e9s,\u00a0 ha estat molt especial a la nostra escola! L\u2019aula d\u2019acollida ha portat a l\u2019escenari una obra de teatre que han estat preparant amb molt esfor\u00e7 i dedicaci\u00f3 des del mes de setembre. Els protagonistes, alumnes de proced\u00e8ncies diverses, han reinterpretat la llegenda de Sant Jordi aportant-hi el seu punt de vista i una gran riquesa cultural.<\/p>\n<p>Avui, amb molta il\u00b7lusi\u00f3, han ofert dues actuacions: una al mat\u00ed per als m\u00e9s petits de l\u2019escola i una altra per a la comunitat dels grans. El resultat ha estat emocionant, amb una gran acollida per part del p\u00fablic i una actuaci\u00f3 plena de creativitat, treball en equip i expressi\u00f3 art\u00edstica.<\/p>\n<p>L\u2019obra ha esdevingut una oportunitat per posar en valor la diversitat ling\u00fc\u00edstica i cultural del nostre alumnat, tot fomentant l\u2019expressi\u00f3 oral, la comprensi\u00f3 lectora i la conviv\u00e8ncia. En definitiva, una mostra preciosa de com l\u2019educaci\u00f3 pot ser una eina per construir ponts.<\/p>\n<p>Felicitats als protagonistes i als docents que han acompanyat aquest projecte tan enriquidor!<\/p>\n<p>Voleu con\u00e8ixer al nostre alumnat protagonista?<\/p>\n<p>Narrador:Imrane de 6\u00e8.<\/p>\n<p><span style=\"font-family: inherit; font-size: 1em;\">Gent del poble:Sherezade.\u00a0<\/span><\/p>\n<p>Farah,Lina,Jannat de 4t i Ilham de 3r.<br \/>\nPrincesa:Chahira de 6\u00e8.<br \/>\nReina: Khadija de 5\u00e8.<br \/>\nHerald:Laura de 5\u00e8.<br \/>\nSoldat:Insherah de 6\u00e8.<br \/>\nSoldat:Salom\u00e9 de 4t.<br \/>\nMustaf\u00e0:Hiba de 4t.<br \/>\nIndi ploma:Mohand de 6\u00e8.<br \/>\nValua:Alaa de 3r.<br \/>\nCavaller Jordi:Isslam de 6\u00e8.T\u00e8cnic de so:Mohamed de 6\u00e8.<br \/>\nEfectes especials: Mohamed de 5\u00e8<\/p>\n<p>&nbsp;<\/p>\n<figure class=\"figure wp-caption alignnone\"><img loading=\"lazy\" decoding=\"async\" class=\"size-full wp-image-4779\" src=\"https:\/\/agora.xtec.cat\/escolacampclar\/wp-content\/uploads\/usu687\/2025\/04\/SANT-JORDI-TEATRE-25.png\" alt=\"\" width=\"907\" height=\"373\" srcset=\"https:\/\/agora.xtec.cat\/escolacampclar\/wp-content\/uploads\/usu687\/2025\/04\/SANT-JORDI-TEATRE-25.png 907w, https:\/\/agora.xtec.cat\/escolacampclar\/wp-content\/uploads\/usu687\/2025\/04\/SANT-JORDI-TEATRE-25-300x123.png 300w, https:\/\/agora.xtec.cat\/escolacampclar\/wp-content\/uploads\/usu687\/2025\/04\/SANT-JORDI-TEATRE-25-768x316.png 768w\" sizes=\"auto, (max-width: 907px) 100vw, 907px\" \/><figcaption class=\"wp-caption-text\">Els nostres artistes<\/figcaption><\/figure>\n<p><a href=\"https:\/\/drive.google.com\/file\/d\/12eBM90-JmX9VyV0uxfNh8sqRlG3EGdNR\/view?usp=sharing\" target=\"_blank\" rel=\"noopener\">V\u00cdDEO OBRA DE TEATRE<\/a><\/p>\n","protected":false},"excerpt":{"rendered":"<p>&nbsp;<br \/>\nAquest Sant Jordi, un any m\u00e9s,\u00a0 ha estat molt especial a la nostra escola! L\u2019aula d\u2019acollida ha portat a l\u2019escenari una obra de teatre que han estat preparant amb molt esfor\u00e7 i dedicaci\u00f3 des del mes de setembre. Els protagonistes, alumnes de proced\u00e8ncies diverses, han&hellip;  <a href=\"https:\/\/agora.xtec.cat\/escolacampclar\/general\/el-drac-del-nostre-poble-5\/\" title=\"Read El drac del nostre poble\">Llegeix m\u00e9s\u00bb<\/a><\/p>\n","protected":false},"author":30,"featured_media":4779,"comment_status":"open","ping_status":"closed","sticky":false,"template":"","format":"standard","meta":{"_bbp_topic_count":0,"_bbp_reply_count":0,"_bbp_total_topic_count":0,"_bbp_total_reply_count":0,"_bbp_voice_count":0,"_bbp_anonymous_reply_count":0,"_bbp_topic_count_hidden":0,"_bbp_reply_count_hidden":0,"_bbp_forum_subforum_count":0,"footnotes":""},"categories":[407,344,29,1,32],"tags":[],"class_list":["post-4777","post","type-post","status-publish","format-standard","has-post-thumbnail","hentry","category-aula-acollida","category-escola-campclar","category-festes","category-general","category-sant-jordi"],"post_mailing_queue_ids":[],"_links":{"self":[{"href":"https:\/\/agora.xtec.cat\/escolacampclar\/wp-json\/wp\/v2\/posts\/4777","targetHints":{"allow":["GET"]}}],"collection":[{"href":"https:\/\/agora.xtec.cat\/escolacampclar\/wp-json\/wp\/v2\/posts"}],"about":[{"href":"https:\/\/agora.xtec.cat\/escolacampclar\/wp-json\/wp\/v2\/types\/post"}],"author":[{"embeddable":true,"href":"https:\/\/agora.xtec.cat\/escolacampclar\/wp-json\/wp\/v2\/users\/30"}],"replies":[{"embeddable":true,"href":"https:\/\/agora.xtec.cat\/escolacampclar\/wp-json\/wp\/v2\/comments?post=4777"}],"version-history":[{"count":3,"href":"https:\/\/agora.xtec.cat\/escolacampclar\/wp-json\/wp\/v2\/posts\/4777\/revisions"}],"predecessor-version":[{"id":4782,"href":"https:\/\/agora.xtec.cat\/escolacampclar\/wp-json\/wp\/v2\/posts\/4777\/revisions\/4782"}],"wp:featuredmedia":[{"embeddable":true,"href":"https:\/\/agora.xtec.cat\/escolacampclar\/wp-json\/wp\/v2\/media\/4779"}],"wp:attachment":[{"href":"https:\/\/agora.xtec.cat\/escolacampclar\/wp-json\/wp\/v2\/media?parent=4777"}],"wp:term":[{"taxonomy":"category","embeddable":true,"href":"https:\/\/agora.xtec.cat\/escolacampclar\/wp-json\/wp\/v2\/categories?post=4777"},{"taxonomy":"post_tag","embeddable":true,"href":"https:\/\/agora.xtec.cat\/escolacampclar\/wp-json\/wp\/v2\/tags?post=4777"}],"curies":[{"name":"wp","href":"https:\/\/api.w.org\/{rel}","templated":true}]}}