{"id":4767,"date":"2025-04-07T15:52:59","date_gmt":"2025-04-07T13:52:59","guid":{"rendered":"https:\/\/agora.xtec.cat\/escolacampclar\/?p=4767"},"modified":"2025-04-07T15:53:36","modified_gmt":"2025-04-07T13:53:36","slug":"dia-internacional-del-poble-gitano","status":"publish","type":"post","link":"https:\/\/agora.xtec.cat\/escolacampclar\/general\/dia-internacional-del-poble-gitano\/","title":{"rendered":"Dia Internacional del Poble Gitano"},"content":{"rendered":"<p>Avui hem celebrat el Dia Internacional del Poble Gitano que aquest any \u00e9s el dia\u00a0 8 d&#8217;abril. L&#8217;alumnat de 5\u00e8\u00a0 de prim\u00e0ria ha participat en les activitats proposades per la promotora escolar, la Isabel. Hem apr\u00e8s moltes coses dels nostres companys i companyes i ens ho hem passat<span style=\"font-family: inherit; font-size: 1em;\">\u00a0 genial a trav\u00e9s de din\u00e0miques i activitats divertides. Gr\u00e0cies per ensenyar-nos una mica m\u00e9s del vostre poble. Nais Tuqe!<\/span><\/p>\n","protected":false},"excerpt":{"rendered":"<p>Avui hem celebrat el Dia Internacional del Poble Gitano que aquest any \u00e9s el dia\u00a0 8 d&#8217;abril. L&#8217;alumnat de 5\u00e8\u00a0 de prim\u00e0ria ha participat en les activitats proposades per la promotora escolar, la Isabel. Hem apr\u00e8s moltes coses dels nostres companys i companyes i ens&hellip;  <a href=\"https:\/\/agora.xtec.cat\/escolacampclar\/general\/dia-internacional-del-poble-gitano\/\" title=\"Read Dia Internacional del Poble Gitano\">Llegeix m\u00e9s\u00bb<\/a><\/p>\n","protected":false},"author":26,"featured_media":4768,"comment_status":"open","ping_status":"closed","sticky":false,"template":"","format":"standard","meta":{"_bbp_topic_count":0,"_bbp_reply_count":0,"_bbp_total_topic_count":0,"_bbp_total_reply_count":0,"_bbp_voice_count":0,"_bbp_anonymous_reply_count":0,"_bbp_topic_count_hidden":0,"_bbp_reply_count_hidden":0,"_bbp_forum_subforum_count":0,"footnotes":""},"categories":[1],"tags":[],"class_list":["post-4767","post","type-post","status-publish","format-standard","has-post-thumbnail","hentry","category-general"],"post_mailing_queue_ids":[],"_links":{"self":[{"href":"https:\/\/agora.xtec.cat\/escolacampclar\/wp-json\/wp\/v2\/posts\/4767","targetHints":{"allow":["GET"]}}],"collection":[{"href":"https:\/\/agora.xtec.cat\/escolacampclar\/wp-json\/wp\/v2\/posts"}],"about":[{"href":"https:\/\/agora.xtec.cat\/escolacampclar\/wp-json\/wp\/v2\/types\/post"}],"author":[{"embeddable":true,"href":"https:\/\/agora.xtec.cat\/escolacampclar\/wp-json\/wp\/v2\/users\/26"}],"replies":[{"embeddable":true,"href":"https:\/\/agora.xtec.cat\/escolacampclar\/wp-json\/wp\/v2\/comments?post=4767"}],"version-history":[{"count":2,"href":"https:\/\/agora.xtec.cat\/escolacampclar\/wp-json\/wp\/v2\/posts\/4767\/revisions"}],"predecessor-version":[{"id":4770,"href":"https:\/\/agora.xtec.cat\/escolacampclar\/wp-json\/wp\/v2\/posts\/4767\/revisions\/4770"}],"wp:featuredmedia":[{"embeddable":true,"href":"https:\/\/agora.xtec.cat\/escolacampclar\/wp-json\/wp\/v2\/media\/4768"}],"wp:attachment":[{"href":"https:\/\/agora.xtec.cat\/escolacampclar\/wp-json\/wp\/v2\/media?parent=4767"}],"wp:term":[{"taxonomy":"category","embeddable":true,"href":"https:\/\/agora.xtec.cat\/escolacampclar\/wp-json\/wp\/v2\/categories?post=4767"},{"taxonomy":"post_tag","embeddable":true,"href":"https:\/\/agora.xtec.cat\/escolacampclar\/wp-json\/wp\/v2\/tags?post=4767"}],"curies":[{"name":"wp","href":"https:\/\/api.w.org\/{rel}","templated":true}]}}