{"id":4762,"date":"2025-04-07T14:51:30","date_gmt":"2025-04-07T12:51:30","guid":{"rendered":"https:\/\/agora.xtec.cat\/escolacampclar\/?p=4762"},"modified":"2025-04-07T14:51:30","modified_gmt":"2025-04-07T12:51:30","slug":"visita-a-la-granja-neri-2","status":"publish","type":"post","link":"https:\/\/agora.xtec.cat\/escolacampclar\/general\/visita-a-la-granja-neri-2\/","title":{"rendered":"Visita a la Granja Neri"},"content":{"rendered":"<p class=\"\" data-start=\"259\" data-end=\"324\"><strong data-start=\"259\" data-end=\"324\"><a href=\"https:\/\/agora.xtec.cat\/escolacampclar\/wp-content\/uploads\/usu687\/2025\/04\/WhatsApp-Image-2025-04-07-at-14.45.47.jpeg\"><img loading=\"lazy\" decoding=\"async\" class=\"alignnone size-large wp-image-4765\" src=\"https:\/\/agora.xtec.cat\/escolacampclar\/wp-content\/uploads\/usu687\/2025\/04\/WhatsApp-Image-2025-04-07-at-14.45.47-1024x686.jpeg\" alt=\"\" width=\"1024\" height=\"686\" srcset=\"https:\/\/agora.xtec.cat\/escolacampclar\/wp-content\/uploads\/usu687\/2025\/04\/WhatsApp-Image-2025-04-07-at-14.45.47-1024x686.jpeg 1024w, https:\/\/agora.xtec.cat\/escolacampclar\/wp-content\/uploads\/usu687\/2025\/04\/WhatsApp-Image-2025-04-07-at-14.45.47-300x201.jpeg 300w, https:\/\/agora.xtec.cat\/escolacampclar\/wp-content\/uploads\/usu687\/2025\/04\/WhatsApp-Image-2025-04-07-at-14.45.47-768x515.jpeg 768w, https:\/\/agora.xtec.cat\/escolacampclar\/wp-content\/uploads\/usu687\/2025\/04\/WhatsApp-Image-2025-04-07-at-14.45.47-1536x1029.jpeg 1536w, https:\/\/agora.xtec.cat\/escolacampclar\/wp-content\/uploads\/usu687\/2025\/04\/WhatsApp-Image-2025-04-07-at-14.45.47.jpeg 1600w\" sizes=\"auto, (max-width: 1024px) 100vw, 1024px\" \/><\/a>Visita a la Granja Neri: Un dia ple de descobertes i diversi\u00f3<\/strong><\/p>\n<p class=\"\" data-start=\"326\" data-end=\"504\">Aquest passat divendres 4 d&#8217;abril, els nens i nenes de la comunitat de petits vam viure una experi\u00e8ncia inoblidable durant la nostra visita a la Granja Neri.<\/p>\n<p class=\"\" data-start=\"506\" data-end=\"851\">Nom\u00e9s arribar, ens van rebre amb un somriure i ens van explicar com funcionava la granja i quines activitats far\u00edem. Vam comen\u00e7ar el dia amb una visita guiada per con\u00e8ixer els diferents animals que hi viuen: vaques, ovelles, cabres, porcs, conills i gallines. Vam aprendre com es cuiden, qu\u00e8 mengen i com contribueixen al dia a dia de la granja.<\/p>\n<p class=\"\" data-start=\"853\" data-end=\"1126\">Una de les activitats m\u00e9s divertides va ser quan vam poder donar menjar als animals i acariciar-los. Alguns fins i tot van perdre la por i van agafar en bra\u00e7os algun conillet! Tamb\u00e9 vam veure com es muny una cabra i vam descobrir d\u2019on surt la llet que despr\u00e9s arriba a casa.<\/p>\n<p class=\"\" data-start=\"1268\" data-end=\"1470\">Vam acabar el dia jugant a l\u2019aire lliure i gaudint de la natura. Va ser una jornada molt especial, plena d\u2019aprenentatges, contacte amb el medi natural i moments per compartir amb els companys i mestres.<\/p>\n<p class=\"\" data-start=\"1472\" data-end=\"1533\">Sens dubte, una experi\u00e8ncia que recordarem amb molt d\u2019afecte!<\/p>\n<p data-start=\"1472\" data-end=\"1533\">Properament anirem penjant les fotos a la web en els seg\u00fcents enlla\u00e7os:<\/p>\n<p data-start=\"1472\" data-end=\"1533\"><a href=\"https:\/\/drive.google.com\/drive\/folders\/1-A4AD4RTZ1VZUj5nSgezh723SF9V-G_8?usp=drive_link\">FOTOS I3\u00a0<\/a><\/p>\n<p data-start=\"1472\" data-end=\"1533\"><a href=\"https:\/\/drive.google.com\/drive\/folders\/1QpzqjglcHTvTw-m5XDmrxINg_N7cj_rO?usp=drive_link\">FOTOS I4 A<\/a><\/p>\n<p data-start=\"1472\" data-end=\"1533\"><a href=\"https:\/\/drive.google.com\/drive\/folders\/1-2SMOW2xh4Qm6EsjWmUkKQGq_NkgyFmV?usp=drive_link\">FOTOS I4 B<\/a><\/p>\n<p data-start=\"1472\" data-end=\"1533\"><a href=\"https:\/\/drive.google.com\/drive\/folders\/1ztfglnBe328meEzHEAtNLh6__D3lJzZu?usp=drive_link\">FOTOS I5 A<\/a><\/p>\n<p data-start=\"1472\" data-end=\"1533\"><a href=\"https:\/\/drive.google.com\/drive\/folders\/1zulBXCtJA7s_tV9guWnXacr7SNq45yXi?usp=drive_link\">FOTOS I5 B<\/a><\/p>\n<p data-start=\"1472\" data-end=\"1533\">\n","protected":false},"excerpt":{"rendered":"<p><a href=\"https:\/\/agora.xtec.cat\/escolacampclar\/wp-content\/uploads\/usu687\/2025\/04\/WhatsApp-Image-2025-04-07-at-14.45.47.jpeg\"><\/a>Visita a la Granja Neri: Un dia ple de descobertes i diversi\u00f3<br \/>\nAquest passat divendres 4 d&#8217;abril, els nens i nenes de la comunitat de petits vam viure una experi\u00e8ncia inoblidable durant la nostra visita a la Granja Neri.<br \/>\nNom\u00e9s arribar, ens van rebre amb un&hellip;  <a href=\"https:\/\/agora.xtec.cat\/escolacampclar\/general\/visita-a-la-granja-neri-2\/\" title=\"Read Visita a la Granja Neri\">Llegeix m\u00e9s\u00bb<\/a><\/p>\n","protected":false},"author":27,"featured_media":4763,"comment_status":"open","ping_status":"closed","sticky":false,"template":"","format":"standard","meta":{"_bbp_topic_count":0,"_bbp_reply_count":0,"_bbp_total_topic_count":0,"_bbp_total_reply_count":0,"_bbp_voice_count":0,"_bbp_anonymous_reply_count":0,"_bbp_topic_count_hidden":0,"_bbp_reply_count_hidden":0,"_bbp_forum_subforum_count":0,"footnotes":""},"categories":[345,444,59,1],"tags":[],"class_list":["post-4762","post","type-post","status-publish","format-standard","has-post-thumbnail","hentry","category-campclar","category-comunitat-petits","category-infantil","category-general"],"post_mailing_queue_ids":[],"_links":{"self":[{"href":"https:\/\/agora.xtec.cat\/escolacampclar\/wp-json\/wp\/v2\/posts\/4762","targetHints":{"allow":["GET"]}}],"collection":[{"href":"https:\/\/agora.xtec.cat\/escolacampclar\/wp-json\/wp\/v2\/posts"}],"about":[{"href":"https:\/\/agora.xtec.cat\/escolacampclar\/wp-json\/wp\/v2\/types\/post"}],"author":[{"embeddable":true,"href":"https:\/\/agora.xtec.cat\/escolacampclar\/wp-json\/wp\/v2\/users\/27"}],"replies":[{"embeddable":true,"href":"https:\/\/agora.xtec.cat\/escolacampclar\/wp-json\/wp\/v2\/comments?post=4762"}],"version-history":[{"count":2,"href":"https:\/\/agora.xtec.cat\/escolacampclar\/wp-json\/wp\/v2\/posts\/4762\/revisions"}],"predecessor-version":[{"id":4766,"href":"https:\/\/agora.xtec.cat\/escolacampclar\/wp-json\/wp\/v2\/posts\/4762\/revisions\/4766"}],"wp:featuredmedia":[{"embeddable":true,"href":"https:\/\/agora.xtec.cat\/escolacampclar\/wp-json\/wp\/v2\/media\/4763"}],"wp:attachment":[{"href":"https:\/\/agora.xtec.cat\/escolacampclar\/wp-json\/wp\/v2\/media?parent=4762"}],"wp:term":[{"taxonomy":"category","embeddable":true,"href":"https:\/\/agora.xtec.cat\/escolacampclar\/wp-json\/wp\/v2\/categories?post=4762"},{"taxonomy":"post_tag","embeddable":true,"href":"https:\/\/agora.xtec.cat\/escolacampclar\/wp-json\/wp\/v2\/tags?post=4762"}],"curies":[{"name":"wp","href":"https:\/\/api.w.org\/{rel}","templated":true}]}}