{"id":4757,"date":"2025-04-07T13:27:38","date_gmt":"2025-04-07T11:27:38","guid":{"rendered":"https:\/\/agora.xtec.cat\/escolacampclar\/?p=4757"},"modified":"2025-04-07T13:29:58","modified_gmt":"2025-04-07T11:29:58","slug":"sortida-al-mapping-tarraco","status":"publish","type":"post","link":"https:\/\/agora.xtec.cat\/escolacampclar\/general\/sortida-al-mapping-tarraco\/","title":{"rendered":"Sortida al Mapping T\u00e0rraco"},"content":{"rendered":"<p>L\u2019alumnat de 2n i 3r de la nostra escola ha fet una sortida a Tarragona per endinsar-se en el m\u00f3n de l\u2019antiga Roma. Els de 2n han visitat el Circ i el Pretori, i els de 3r han recorregut les impressionants muralles i han viscut l\u2019experi\u00e8ncia del Mapping de Tarragona, una projecci\u00f3 espectacular que els ha ajudat a entendre com era la ciutat en \u00e8poca romana. Un dia ple d\u2019hist\u00f2ria i descobriments que segur que recordaran durant molt de temps!<\/p>\n<p>&nbsp;<\/p>\n<p><a href=\"https:\/\/agora.xtec.cat\/escolacampclar\/wp-content\/uploads\/usu687\/2025\/04\/4138c586-934d-4e93-9592-d1b4b8eab3eb.jpg\"><img loading=\"lazy\" decoding=\"async\" class=\"alignnone size-large wp-image-4758\" src=\"https:\/\/agora.xtec.cat\/escolacampclar\/wp-content\/uploads\/usu687\/2025\/04\/4138c586-934d-4e93-9592-d1b4b8eab3eb-1024x768.jpg\" alt=\"\" width=\"1024\" height=\"768\" srcset=\"https:\/\/agora.xtec.cat\/escolacampclar\/wp-content\/uploads\/usu687\/2025\/04\/4138c586-934d-4e93-9592-d1b4b8eab3eb-1024x768.jpg 1024w, https:\/\/agora.xtec.cat\/escolacampclar\/wp-content\/uploads\/usu687\/2025\/04\/4138c586-934d-4e93-9592-d1b4b8eab3eb-300x225.jpg 300w, https:\/\/agora.xtec.cat\/escolacampclar\/wp-content\/uploads\/usu687\/2025\/04\/4138c586-934d-4e93-9592-d1b4b8eab3eb-768x576.jpg 768w, https:\/\/agora.xtec.cat\/escolacampclar\/wp-content\/uploads\/usu687\/2025\/04\/4138c586-934d-4e93-9592-d1b4b8eab3eb-1536x1152.jpg 1536w, https:\/\/agora.xtec.cat\/escolacampclar\/wp-content\/uploads\/usu687\/2025\/04\/4138c586-934d-4e93-9592-d1b4b8eab3eb-200x150.jpg 200w, https:\/\/agora.xtec.cat\/escolacampclar\/wp-content\/uploads\/usu687\/2025\/04\/4138c586-934d-4e93-9592-d1b4b8eab3eb.jpg 2040w\" sizes=\"auto, (max-width: 1024px) 100vw, 1024px\" \/><\/a><\/p>\n","protected":false},"excerpt":{"rendered":"<p>L\u2019alumnat de 2n i 3r de la nostra escola ha fet una sortida a Tarragona per endinsar-se en el m\u00f3n de l\u2019antiga Roma. Els de 2n han visitat el Circ i el Pretori, i els de 3r han recorregut les impressionants muralles i han viscut&hellip;  <a href=\"https:\/\/agora.xtec.cat\/escolacampclar\/general\/sortida-al-mapping-tarraco\/\" title=\"Read Sortida al Mapping T\u00e0rraco\">Llegeix m\u00e9s\u00bb<\/a><\/p>\n","protected":false},"author":27,"featured_media":4758,"comment_status":"open","ping_status":"closed","sticky":false,"template":"","format":"standard","meta":{"_bbp_topic_count":0,"_bbp_reply_count":0,"_bbp_total_topic_count":0,"_bbp_total_reply_count":0,"_bbp_voice_count":0,"_bbp_anonymous_reply_count":0,"_bbp_topic_count_hidden":0,"_bbp_reply_count_hidden":0,"_bbp_forum_subforum_count":0,"footnotes":""},"categories":[24,25,445,344,1],"tags":[],"class_list":["post-4757","post","type-post","status-publish","format-standard","has-post-thumbnail","hentry","category-cicle-inicial","category-cicle-mitja","category-comunitat-mitjans","category-escola-campclar","category-general"],"post_mailing_queue_ids":[],"_links":{"self":[{"href":"https:\/\/agora.xtec.cat\/escolacampclar\/wp-json\/wp\/v2\/posts\/4757","targetHints":{"allow":["GET"]}}],"collection":[{"href":"https:\/\/agora.xtec.cat\/escolacampclar\/wp-json\/wp\/v2\/posts"}],"about":[{"href":"https:\/\/agora.xtec.cat\/escolacampclar\/wp-json\/wp\/v2\/types\/post"}],"author":[{"embeddable":true,"href":"https:\/\/agora.xtec.cat\/escolacampclar\/wp-json\/wp\/v2\/users\/27"}],"replies":[{"embeddable":true,"href":"https:\/\/agora.xtec.cat\/escolacampclar\/wp-json\/wp\/v2\/comments?post=4757"}],"version-history":[{"count":2,"href":"https:\/\/agora.xtec.cat\/escolacampclar\/wp-json\/wp\/v2\/posts\/4757\/revisions"}],"predecessor-version":[{"id":4760,"href":"https:\/\/agora.xtec.cat\/escolacampclar\/wp-json\/wp\/v2\/posts\/4757\/revisions\/4760"}],"wp:featuredmedia":[{"embeddable":true,"href":"https:\/\/agora.xtec.cat\/escolacampclar\/wp-json\/wp\/v2\/media\/4758"}],"wp:attachment":[{"href":"https:\/\/agora.xtec.cat\/escolacampclar\/wp-json\/wp\/v2\/media?parent=4757"}],"wp:term":[{"taxonomy":"category","embeddable":true,"href":"https:\/\/agora.xtec.cat\/escolacampclar\/wp-json\/wp\/v2\/categories?post=4757"},{"taxonomy":"post_tag","embeddable":true,"href":"https:\/\/agora.xtec.cat\/escolacampclar\/wp-json\/wp\/v2\/tags?post=4757"}],"curies":[{"name":"wp","href":"https:\/\/api.w.org\/{rel}","templated":true}]}}