{"id":4748,"date":"2025-03-24T13:53:15","date_gmt":"2025-03-24T12:53:15","guid":{"rendered":"https:\/\/agora.xtec.cat\/escolacampclar\/?p=4748"},"modified":"2025-03-24T13:55:01","modified_gmt":"2025-03-24T12:55:01","slug":"dia-de-la-poesia-2","status":"publish","type":"post","link":"https:\/\/agora.xtec.cat\/escolacampclar\/general\/dia-de-la-poesia-2\/","title":{"rendered":"Dia de la poesia"},"content":{"rendered":"<p><a href=\"https:\/\/agora.xtec.cat\/escolacampclar\/wp-content\/uploads\/usu687\/2025\/03\/382aac5e-2380-4309-9efa-8e5f02d946ab.jpg\"><img loading=\"lazy\" decoding=\"async\" class=\"alignnone size-large wp-image-4752\" src=\"https:\/\/agora.xtec.cat\/escolacampclar\/wp-content\/uploads\/usu687\/2025\/03\/382aac5e-2380-4309-9efa-8e5f02d946ab-1024x768.jpg\" alt=\"\" width=\"1024\" height=\"768\" srcset=\"https:\/\/agora.xtec.cat\/escolacampclar\/wp-content\/uploads\/usu687\/2025\/03\/382aac5e-2380-4309-9efa-8e5f02d946ab-1024x768.jpg 1024w, https:\/\/agora.xtec.cat\/escolacampclar\/wp-content\/uploads\/usu687\/2025\/03\/382aac5e-2380-4309-9efa-8e5f02d946ab-300x225.jpg 300w, https:\/\/agora.xtec.cat\/escolacampclar\/wp-content\/uploads\/usu687\/2025\/03\/382aac5e-2380-4309-9efa-8e5f02d946ab-768x576.jpg 768w, https:\/\/agora.xtec.cat\/escolacampclar\/wp-content\/uploads\/usu687\/2025\/03\/382aac5e-2380-4309-9efa-8e5f02d946ab-1536x1152.jpg 1536w, https:\/\/agora.xtec.cat\/escolacampclar\/wp-content\/uploads\/usu687\/2025\/03\/382aac5e-2380-4309-9efa-8e5f02d946ab-200x150.jpg 200w, https:\/\/agora.xtec.cat\/escolacampclar\/wp-content\/uploads\/usu687\/2025\/03\/382aac5e-2380-4309-9efa-8e5f02d946ab.jpg 2048w\" sizes=\"auto, (max-width: 1024px) 100vw, 1024px\" \/><\/a><\/p>\n<p>Avui hem celebrat el dia de la poesia.<\/p>\n<p>Gr\u00e0cies a les mares que tamb\u00e9 han participat recitant poemes en diferents lleng\u00fces, a la Neus que ens ha recitat un poema commovedor i sobretot gr\u00e0cies al nostre alumnat per aquest dia tant bonic.<\/p>\n<p>Moltes felicitats als guanyadors i guanyadores de la lectura en veu alta.<\/p>\n<p>Per veure les fotos cliqueu <a href=\"https:\/\/drive.google.com\/drive\/folders\/10pia2WjLYRlyVDYPmICf5irjZ88NmkJI?usp=sharing\">aqu\u00ed<\/a><\/p>\n","protected":false},"excerpt":{"rendered":"<p><a href=\"https:\/\/agora.xtec.cat\/escolacampclar\/wp-content\/uploads\/usu687\/2025\/03\/382aac5e-2380-4309-9efa-8e5f02d946ab.jpg\"><\/a><br \/>\nAvui hem celebrat el dia de la poesia.<br \/>\nGr\u00e0cies a les mares que tamb\u00e9 han participat recitant poemes en diferents lleng\u00fces, a la Neus que ens ha recitat un poema commovedor i sobretot gr\u00e0cies al nostre alumnat per aquest dia tant bonic.<br \/>\nMoltes felicitats als guanyadors&hellip;  <a href=\"https:\/\/agora.xtec.cat\/escolacampclar\/general\/dia-de-la-poesia-2\/\" title=\"Read Dia de la poesia\">Llegeix m\u00e9s\u00bb<\/a><\/p>\n","protected":false},"author":28,"featured_media":4752,"comment_status":"open","ping_status":"closed","sticky":false,"template":"","format":"standard","meta":{"_bbp_topic_count":0,"_bbp_reply_count":0,"_bbp_total_topic_count":0,"_bbp_total_reply_count":0,"_bbp_voice_count":0,"_bbp_anonymous_reply_count":0,"_bbp_topic_count_hidden":0,"_bbp_reply_count_hidden":0,"_bbp_forum_subforum_count":0,"footnotes":""},"categories":[345,24,25,26,59,344,1,443],"tags":[],"class_list":["post-4748","post","type-post","status-publish","format-standard","has-post-thumbnail","hentry","category-campclar","category-cicle-inicial","category-cicle-mitja","category-cicle-superior","category-infantil","category-escola-campclar","category-general","category-poesia"],"post_mailing_queue_ids":[],"_links":{"self":[{"href":"https:\/\/agora.xtec.cat\/escolacampclar\/wp-json\/wp\/v2\/posts\/4748","targetHints":{"allow":["GET"]}}],"collection":[{"href":"https:\/\/agora.xtec.cat\/escolacampclar\/wp-json\/wp\/v2\/posts"}],"about":[{"href":"https:\/\/agora.xtec.cat\/escolacampclar\/wp-json\/wp\/v2\/types\/post"}],"author":[{"embeddable":true,"href":"https:\/\/agora.xtec.cat\/escolacampclar\/wp-json\/wp\/v2\/users\/28"}],"replies":[{"embeddable":true,"href":"https:\/\/agora.xtec.cat\/escolacampclar\/wp-json\/wp\/v2\/comments?post=4748"}],"version-history":[{"count":2,"href":"https:\/\/agora.xtec.cat\/escolacampclar\/wp-json\/wp\/v2\/posts\/4748\/revisions"}],"predecessor-version":[{"id":4756,"href":"https:\/\/agora.xtec.cat\/escolacampclar\/wp-json\/wp\/v2\/posts\/4748\/revisions\/4756"}],"wp:featuredmedia":[{"embeddable":true,"href":"https:\/\/agora.xtec.cat\/escolacampclar\/wp-json\/wp\/v2\/media\/4752"}],"wp:attachment":[{"href":"https:\/\/agora.xtec.cat\/escolacampclar\/wp-json\/wp\/v2\/media?parent=4748"}],"wp:term":[{"taxonomy":"category","embeddable":true,"href":"https:\/\/agora.xtec.cat\/escolacampclar\/wp-json\/wp\/v2\/categories?post=4748"},{"taxonomy":"post_tag","embeddable":true,"href":"https:\/\/agora.xtec.cat\/escolacampclar\/wp-json\/wp\/v2\/tags?post=4748"}],"curies":[{"name":"wp","href":"https:\/\/api.w.org\/{rel}","templated":true}]}}