{"id":4737,"date":"2025-03-11T12:56:37","date_gmt":"2025-03-11T11:56:37","guid":{"rendered":"https:\/\/agora.xtec.cat\/escolacampclar\/?p=4737"},"modified":"2025-03-11T12:56:37","modified_gmt":"2025-03-11T11:56:37","slug":"dia-mundial","status":"publish","type":"post","link":"https:\/\/agora.xtec.cat\/escolacampclar\/general\/dia-mundial\/","title":{"rendered":"DIA MUNDIAL"},"content":{"rendered":"<p><span style=\"font-weight: 400;\">El 8 de Mar\u00e7 DIA INTERNACIONAL DE LA DONA, \u00e9s un dia per donar visibilitat al col\u00b7lectiu de Dones.\u00a0<\/span><\/p>\n<p><span style=\"font-weight: 400;\">Com a escola som responsables de transmetre valors socials i \u00e9s en aquest sentit que, cada curs celebrem de manera especial aquest dia i aprofitem per con\u00e8ixer el recorregut hist\u00f2ric de la dona.\u00a0<\/span><\/p>\n<p><span style=\"font-weight: 400;\">El resultat, aquest curs ha sigut un mural realitzat amb les fotografies de les dones que formen part de l&#8217;escola i tenen un impacte en el seu funcionament.\u00a0<\/span><\/p>\n<p><span style=\"font-weight: 400;\">En aquest mural queda representada la comunitat de dones, que sumen esfor\u00e7os dia a dia i\u00a0 totes amb la mateixa meta, aconseguir l&#8217;\u00e8xit dels infants.\u00a0<\/span><\/p>\n<p><span style=\"font-weight: 400;\">L\u2019Escola Campclar vol agrair la vostra col\u00b7laboraci\u00f3.<\/span><\/p>\n","protected":false},"excerpt":{"rendered":"<p>El 8 de Mar\u00e7 DIA INTERNACIONAL DE LA DONA, \u00e9s un dia per donar visibilitat al col\u00b7lectiu de Dones.\u00a0<br \/>\nCom a escola som responsables de transmetre valors socials i \u00e9s en aquest sentit que, cada curs celebrem de manera especial aquest dia i aprofitem per con\u00e8ixer&hellip;  <a href=\"https:\/\/agora.xtec.cat\/escolacampclar\/general\/dia-mundial\/\" title=\"Read DIA MUNDIAL\">Llegeix m\u00e9s\u00bb<\/a><\/p>\n","protected":false},"author":26,"featured_media":4738,"comment_status":"open","ping_status":"closed","sticky":false,"template":"","format":"standard","meta":{"_bbp_topic_count":0,"_bbp_reply_count":0,"_bbp_total_topic_count":0,"_bbp_total_reply_count":0,"_bbp_voice_count":0,"_bbp_anonymous_reply_count":0,"_bbp_topic_count_hidden":0,"_bbp_reply_count_hidden":0,"_bbp_forum_subforum_count":0,"footnotes":""},"categories":[1],"tags":[],"class_list":["post-4737","post","type-post","status-publish","format-standard","has-post-thumbnail","hentry","category-general"],"post_mailing_queue_ids":[],"_links":{"self":[{"href":"https:\/\/agora.xtec.cat\/escolacampclar\/wp-json\/wp\/v2\/posts\/4737","targetHints":{"allow":["GET"]}}],"collection":[{"href":"https:\/\/agora.xtec.cat\/escolacampclar\/wp-json\/wp\/v2\/posts"}],"about":[{"href":"https:\/\/agora.xtec.cat\/escolacampclar\/wp-json\/wp\/v2\/types\/post"}],"author":[{"embeddable":true,"href":"https:\/\/agora.xtec.cat\/escolacampclar\/wp-json\/wp\/v2\/users\/26"}],"replies":[{"embeddable":true,"href":"https:\/\/agora.xtec.cat\/escolacampclar\/wp-json\/wp\/v2\/comments?post=4737"}],"version-history":[{"count":1,"href":"https:\/\/agora.xtec.cat\/escolacampclar\/wp-json\/wp\/v2\/posts\/4737\/revisions"}],"predecessor-version":[{"id":4739,"href":"https:\/\/agora.xtec.cat\/escolacampclar\/wp-json\/wp\/v2\/posts\/4737\/revisions\/4739"}],"wp:featuredmedia":[{"embeddable":true,"href":"https:\/\/agora.xtec.cat\/escolacampclar\/wp-json\/wp\/v2\/media\/4738"}],"wp:attachment":[{"href":"https:\/\/agora.xtec.cat\/escolacampclar\/wp-json\/wp\/v2\/media?parent=4737"}],"wp:term":[{"taxonomy":"category","embeddable":true,"href":"https:\/\/agora.xtec.cat\/escolacampclar\/wp-json\/wp\/v2\/categories?post=4737"},{"taxonomy":"post_tag","embeddable":true,"href":"https:\/\/agora.xtec.cat\/escolacampclar\/wp-json\/wp\/v2\/tags?post=4737"}],"curies":[{"name":"wp","href":"https:\/\/api.w.org\/{rel}","templated":true}]}}