{"id":4731,"date":"2025-02-28T13:20:47","date_gmt":"2025-02-28T12:20:47","guid":{"rendered":"https:\/\/agora.xtec.cat\/escolacampclar\/?p=4731"},"modified":"2025-02-28T13:20:47","modified_gmt":"2025-02-28T12:20:47","slug":"carnaval-2025","status":"publish","type":"post","link":"https:\/\/agora.xtec.cat\/escolacampclar\/general\/carnaval-2025\/","title":{"rendered":"Carnaval 2025!"},"content":{"rendered":"<p><strong>El Rei Carnestoltes ha arribat, aquest any amb El Petit Pr\u00edncep!<\/strong><\/p>\n<p>Aquest any, la celebraci\u00f3 de Carnestoltes ha estat m\u00e9s m\u00e0gica que mai! Inspirats en <em>El Petit Pr\u00edncep<\/em>, el llibre que hem treballat a classe les darreres setmanes, hem omplert l&#8217;escola de planetes, roses i guineus. Els infants han vingut disfressats dels diferents personatges de la hist\u00f2ria, portant amb ells la m\u00e0gia i la filosofia d&#8217;aquest conte tan especial.<\/p>\n<p>Una visita inesperada ha fet encara m\u00e9s emocionant la jornada: l&#8217;aviador del conte ens ha vingut a veure! Gr\u00e0cies a aquest llibre hem viscut\u00a0 aventures i ens ha fet reflexionar sobre els valors de l&#8217;amistat, la imaginaci\u00f3 i la import\u00e0ncia de veure amb el cor.<\/p>\n<p>Per acabar, no podia faltar la m\u00fasica i el ball! Els alumnes han gaudit d&#8217;uns minuts de festa, deixant-se portar per la diversi\u00f3 i l&#8217;alegria del Carnestoltes.<\/p>\n<p>Aqu\u00ed nom\u00e9s podreu veure algunes fotos d&#8217;aquesta jornada tan especial. Si voleu veure\u2019n m\u00e9s, dirigiu-vos a l\u2019apartat de fotos, introdu\u00efu la contrasenya i cerqueu per promocions.<\/p>\n<p>Gr\u00e0cies a tots per fer d\u2019aquest Carnestoltes una experi\u00e8ncia inoblidable!<\/p>\n<p><a href=\"https:\/\/drive.google.com\/drive\/folders\/1ecvAXotqpIJNWwO9Vvc6iXerm_tdc_2N?usp=sharing\" target=\"_blank\" rel=\"noopener\"><img loading=\"lazy\" decoding=\"async\" class=\"alignnone size-large wp-image-4734\" src=\"https:\/\/agora.xtec.cat\/escolacampclar\/wp-content\/uploads\/usu687\/2025\/02\/WhatsApp-Image-2025-02-28-at-13.10.01-1-1024x768.jpeg\" alt=\"\" width=\"1024\" height=\"768\" srcset=\"https:\/\/agora.xtec.cat\/escolacampclar\/wp-content\/uploads\/usu687\/2025\/02\/WhatsApp-Image-2025-02-28-at-13.10.01-1-1024x768.jpeg 1024w, https:\/\/agora.xtec.cat\/escolacampclar\/wp-content\/uploads\/usu687\/2025\/02\/WhatsApp-Image-2025-02-28-at-13.10.01-1-300x225.jpeg 300w, https:\/\/agora.xtec.cat\/escolacampclar\/wp-content\/uploads\/usu687\/2025\/02\/WhatsApp-Image-2025-02-28-at-13.10.01-1-768x576.jpeg 768w, https:\/\/agora.xtec.cat\/escolacampclar\/wp-content\/uploads\/usu687\/2025\/02\/WhatsApp-Image-2025-02-28-at-13.10.01-1-1536x1152.jpeg 1536w, https:\/\/agora.xtec.cat\/escolacampclar\/wp-content\/uploads\/usu687\/2025\/02\/WhatsApp-Image-2025-02-28-at-13.10.01-1-200x150.jpeg 200w, https:\/\/agora.xtec.cat\/escolacampclar\/wp-content\/uploads\/usu687\/2025\/02\/WhatsApp-Image-2025-02-28-at-13.10.01-1.jpeg 1600w\" sizes=\"auto, (max-width: 1024px) 100vw, 1024px\" \/><\/a><\/p>\n","protected":false},"excerpt":{"rendered":"<p>El Rei Carnestoltes ha arribat, aquest any amb El Petit Pr\u00edncep!<br \/>\nAquest any, la celebraci\u00f3 de Carnestoltes ha estat m\u00e9s m\u00e0gica que mai! Inspirats en El Petit Pr\u00edncep, el llibre que hem treballat a classe les darreres setmanes, hem omplert l&#8217;escola de planetes, roses i guineus.&hellip;  <a href=\"https:\/\/agora.xtec.cat\/escolacampclar\/general\/carnaval-2025\/\" title=\"Read Carnaval 2025!\">Llegeix m\u00e9s\u00bb<\/a><\/p>\n","protected":false},"author":30,"featured_media":4734,"comment_status":"open","ping_status":"closed","sticky":false,"template":"","format":"standard","meta":{"_bbp_topic_count":0,"_bbp_reply_count":0,"_bbp_total_topic_count":0,"_bbp_total_reply_count":0,"_bbp_voice_count":0,"_bbp_anonymous_reply_count":0,"_bbp_topic_count_hidden":0,"_bbp_reply_count_hidden":0,"_bbp_forum_subforum_count":0,"footnotes":""},"categories":[344,29,1],"tags":[],"class_list":["post-4731","post","type-post","status-publish","format-standard","has-post-thumbnail","hentry","category-escola-campclar","category-festes","category-general"],"post_mailing_queue_ids":[],"_links":{"self":[{"href":"https:\/\/agora.xtec.cat\/escolacampclar\/wp-json\/wp\/v2\/posts\/4731","targetHints":{"allow":["GET"]}}],"collection":[{"href":"https:\/\/agora.xtec.cat\/escolacampclar\/wp-json\/wp\/v2\/posts"}],"about":[{"href":"https:\/\/agora.xtec.cat\/escolacampclar\/wp-json\/wp\/v2\/types\/post"}],"author":[{"embeddable":true,"href":"https:\/\/agora.xtec.cat\/escolacampclar\/wp-json\/wp\/v2\/users\/30"}],"replies":[{"embeddable":true,"href":"https:\/\/agora.xtec.cat\/escolacampclar\/wp-json\/wp\/v2\/comments?post=4731"}],"version-history":[{"count":1,"href":"https:\/\/agora.xtec.cat\/escolacampclar\/wp-json\/wp\/v2\/posts\/4731\/revisions"}],"predecessor-version":[{"id":4735,"href":"https:\/\/agora.xtec.cat\/escolacampclar\/wp-json\/wp\/v2\/posts\/4731\/revisions\/4735"}],"wp:featuredmedia":[{"embeddable":true,"href":"https:\/\/agora.xtec.cat\/escolacampclar\/wp-json\/wp\/v2\/media\/4734"}],"wp:attachment":[{"href":"https:\/\/agora.xtec.cat\/escolacampclar\/wp-json\/wp\/v2\/media?parent=4731"}],"wp:term":[{"taxonomy":"category","embeddable":true,"href":"https:\/\/agora.xtec.cat\/escolacampclar\/wp-json\/wp\/v2\/categories?post=4731"},{"taxonomy":"post_tag","embeddable":true,"href":"https:\/\/agora.xtec.cat\/escolacampclar\/wp-json\/wp\/v2\/tags?post=4731"}],"curies":[{"name":"wp","href":"https:\/\/api.w.org\/{rel}","templated":true}]}}