{"id":4714,"date":"2025-02-17T15:59:08","date_gmt":"2025-02-17T14:59:08","guid":{"rendered":"https:\/\/agora.xtec.cat\/escolacampclar\/?p=4714"},"modified":"2025-02-17T16:23:25","modified_gmt":"2025-02-17T15:23:25","slug":"portes-obertes-2024-25","status":"publish","type":"post","link":"https:\/\/agora.xtec.cat\/escolacampclar\/general\/portes-obertes-2024-25\/","title":{"rendered":"PORTES OBERTES 2024-25"},"content":{"rendered":"<p>COMEN\u00c7A LA PREINSCRIPCI\u00d3 PEL CURS 2025-2026. Si vols venir a con\u00e8ixer la nostra escola, demana cita al 977548280 d<span style=\"font-family: inherit; font-size: 1em;\">el 17 al 20 de febrer.<\/span><\/p>\n<p>&nbsp;<\/p>\n<p>&nbsp;<\/p>\n","protected":false},"excerpt":{"rendered":"<p>COMEN\u00c7A LA PREINSCRIPCI\u00d3 PEL CURS 2025-2026. Si vols venir a con\u00e8ixer la nostra escola, demana cita al 977548280 del 17 al 20 de febrer.<br \/>\n&nbsp;<br \/>\n&nbsp;<\/p>\n","protected":false},"author":26,"featured_media":4722,"comment_status":"open","ping_status":"closed","sticky":false,"template":"","format":"standard","meta":{"_bbp_topic_count":0,"_bbp_reply_count":0,"_bbp_total_topic_count":0,"_bbp_total_reply_count":0,"_bbp_voice_count":0,"_bbp_anonymous_reply_count":0,"_bbp_topic_count_hidden":0,"_bbp_reply_count_hidden":0,"_bbp_forum_subforum_count":0,"footnotes":""},"categories":[1],"tags":[],"class_list":["post-4714","post","type-post","status-publish","format-standard","has-post-thumbnail","hentry","category-general"],"post_mailing_queue_ids":[],"_links":{"self":[{"href":"https:\/\/agora.xtec.cat\/escolacampclar\/wp-json\/wp\/v2\/posts\/4714","targetHints":{"allow":["GET"]}}],"collection":[{"href":"https:\/\/agora.xtec.cat\/escolacampclar\/wp-json\/wp\/v2\/posts"}],"about":[{"href":"https:\/\/agora.xtec.cat\/escolacampclar\/wp-json\/wp\/v2\/types\/post"}],"author":[{"embeddable":true,"href":"https:\/\/agora.xtec.cat\/escolacampclar\/wp-json\/wp\/v2\/users\/26"}],"replies":[{"embeddable":true,"href":"https:\/\/agora.xtec.cat\/escolacampclar\/wp-json\/wp\/v2\/comments?post=4714"}],"version-history":[{"count":3,"href":"https:\/\/agora.xtec.cat\/escolacampclar\/wp-json\/wp\/v2\/posts\/4714\/revisions"}],"predecessor-version":[{"id":4721,"href":"https:\/\/agora.xtec.cat\/escolacampclar\/wp-json\/wp\/v2\/posts\/4714\/revisions\/4721"}],"wp:featuredmedia":[{"embeddable":true,"href":"https:\/\/agora.xtec.cat\/escolacampclar\/wp-json\/wp\/v2\/media\/4722"}],"wp:attachment":[{"href":"https:\/\/agora.xtec.cat\/escolacampclar\/wp-json\/wp\/v2\/media?parent=4714"}],"wp:term":[{"taxonomy":"category","embeddable":true,"href":"https:\/\/agora.xtec.cat\/escolacampclar\/wp-json\/wp\/v2\/categories?post=4714"},{"taxonomy":"post_tag","embeddable":true,"href":"https:\/\/agora.xtec.cat\/escolacampclar\/wp-json\/wp\/v2\/tags?post=4714"}],"curies":[{"name":"wp","href":"https:\/\/api.w.org\/{rel}","templated":true}]}}