{"id":4708,"date":"2025-02-13T09:12:46","date_gmt":"2025-02-13T08:12:46","guid":{"rendered":"https:\/\/agora.xtec.cat\/escolacampclar\/?p=4708"},"modified":"2025-02-17T16:15:02","modified_gmt":"2025-02-17T15:15:02","slug":"de-visita-al-zoo","status":"publish","type":"post","link":"https:\/\/agora.xtec.cat\/escolacampclar\/general\/de-visita-al-zoo\/","title":{"rendered":"De visita al zoo!"},"content":{"rendered":"<p><strong>Els alumnes de primer i segon de prim\u00e0ria visiten el Zoo de Barcelona<\/strong><\/p>\n<p>Aquest dimarts, 11 de febrer, els nens i nenes de primer i segon de prim\u00e0ria van gaudir d\u2019una jornada plena d\u2019emocions i aprenentatge al Zoo de Barcelona. Aquesta sortida educativa els va permetre con\u00e8ixer de primera m\u00e0 una gran varietat d\u2019animals i descobrir curiositats sobre els seus h\u00e0bitats i comportaments.<\/p>\n<p>Acompanyats pels seus mestres, els infants van rec\u00f3rrer les diferents instal\u00b7lacions del zoo, observant animals com girafes, elefants, tortugues,\u00a0 lleons&#8230; etc.<\/p>\n<p>Van haver-hi molts moments especials, els animem a preguntar a casa qu\u00e8 ha sigut m\u00e9s m\u00e0gic en la sortida!<\/p>\n<p>A m\u00e9s, les mestres de l&#8217;escola va resoldre totes les seves preguntes i va explicar hist\u00f2ries fascinants sobre els animals.<\/p>\n<p>Aquesta excursi\u00f3 no nom\u00e9s va ser una experi\u00e8ncia divertida per als alumnes, sin\u00f3 tamb\u00e9 una oportunitat \u00fanica per aprendre d\u2019una manera pr\u00e0ctica i din\u00e0mica. Sens dubte, una jornada que recordaran amb il\u00b7lusi\u00f3!<\/p>\n<p>Gr\u00e0cies al Zoo de Barcelona per aquesta experi\u00e8ncia inoblidable! I sobretot, gr\u00e0cies fam\u00edlies per confiar en l&#8217;Escola Campclar. Seguim construint records &#8230; Ens acompanyes?<\/p>\n<p>Cliqueu a\u00a0 la foto per veure un v\u00eddeo i m\u00e9s fotos!<\/p>\n<p><a href=\"https:\/\/drive.google.com\/drive\/folders\/1Mlbgl338jVvgfTC-8eS06jOnWRKR2Wmv?usp=sharing\" target=\"_blank\" rel=\"noopener\"><img loading=\"lazy\" decoding=\"async\" class=\"alignnone size-large wp-image-4710\" src=\"https:\/\/agora.xtec.cat\/escolacampclar\/wp-content\/uploads\/usu687\/2025\/02\/zoo-1024x768.jpeg\" alt=\"\" width=\"1024\" height=\"768\" srcset=\"https:\/\/agora.xtec.cat\/escolacampclar\/wp-content\/uploads\/usu687\/2025\/02\/zoo-1024x768.jpeg 1024w, https:\/\/agora.xtec.cat\/escolacampclar\/wp-content\/uploads\/usu687\/2025\/02\/zoo-300x225.jpeg 300w, https:\/\/agora.xtec.cat\/escolacampclar\/wp-content\/uploads\/usu687\/2025\/02\/zoo-768x576.jpeg 768w, https:\/\/agora.xtec.cat\/escolacampclar\/wp-content\/uploads\/usu687\/2025\/02\/zoo-1536x1152.jpeg 1536w, https:\/\/agora.xtec.cat\/escolacampclar\/wp-content\/uploads\/usu687\/2025\/02\/zoo-200x150.jpeg 200w, https:\/\/agora.xtec.cat\/escolacampclar\/wp-content\/uploads\/usu687\/2025\/02\/zoo.jpeg 1600w\" sizes=\"auto, (max-width: 1024px) 100vw, 1024px\" \/><\/a><\/p>\n","protected":false},"excerpt":{"rendered":"<p>Els alumnes de primer i segon de prim\u00e0ria visiten el Zoo de Barcelona<br \/>\nAquest dimarts, 11 de febrer, els nens i nenes de primer i segon de prim\u00e0ria van gaudir d\u2019una jornada plena d\u2019emocions i aprenentatge al Zoo de Barcelona. Aquesta sortida educativa els va permetre&hellip;  <a href=\"https:\/\/agora.xtec.cat\/escolacampclar\/general\/de-visita-al-zoo\/\" title=\"Read De visita al zoo!\">Llegeix m\u00e9s\u00bb<\/a><\/p>\n","protected":false},"author":30,"featured_media":4710,"comment_status":"open","ping_status":"closed","sticky":false,"template":"","format":"standard","meta":{"_bbp_topic_count":0,"_bbp_reply_count":0,"_bbp_total_topic_count":0,"_bbp_total_reply_count":0,"_bbp_voice_count":0,"_bbp_anonymous_reply_count":0,"_bbp_topic_count_hidden":0,"_bbp_reply_count_hidden":0,"_bbp_forum_subforum_count":0,"footnotes":""},"categories":[1],"tags":[],"class_list":["post-4708","post","type-post","status-publish","format-standard","has-post-thumbnail","hentry","category-general"],"post_mailing_queue_ids":[],"_links":{"self":[{"href":"https:\/\/agora.xtec.cat\/escolacampclar\/wp-json\/wp\/v2\/posts\/4708","targetHints":{"allow":["GET"]}}],"collection":[{"href":"https:\/\/agora.xtec.cat\/escolacampclar\/wp-json\/wp\/v2\/posts"}],"about":[{"href":"https:\/\/agora.xtec.cat\/escolacampclar\/wp-json\/wp\/v2\/types\/post"}],"author":[{"embeddable":true,"href":"https:\/\/agora.xtec.cat\/escolacampclar\/wp-json\/wp\/v2\/users\/30"}],"replies":[{"embeddable":true,"href":"https:\/\/agora.xtec.cat\/escolacampclar\/wp-json\/wp\/v2\/comments?post=4708"}],"version-history":[{"count":3,"href":"https:\/\/agora.xtec.cat\/escolacampclar\/wp-json\/wp\/v2\/posts\/4708\/revisions"}],"predecessor-version":[{"id":4713,"href":"https:\/\/agora.xtec.cat\/escolacampclar\/wp-json\/wp\/v2\/posts\/4708\/revisions\/4713"}],"wp:featuredmedia":[{"embeddable":true,"href":"https:\/\/agora.xtec.cat\/escolacampclar\/wp-json\/wp\/v2\/media\/4710"}],"wp:attachment":[{"href":"https:\/\/agora.xtec.cat\/escolacampclar\/wp-json\/wp\/v2\/media?parent=4708"}],"wp:term":[{"taxonomy":"category","embeddable":true,"href":"https:\/\/agora.xtec.cat\/escolacampclar\/wp-json\/wp\/v2\/categories?post=4708"},{"taxonomy":"post_tag","embeddable":true,"href":"https:\/\/agora.xtec.cat\/escolacampclar\/wp-json\/wp\/v2\/tags?post=4708"}],"curies":[{"name":"wp","href":"https:\/\/api.w.org\/{rel}","templated":true}]}}