{"id":4705,"date":"2025-02-11T13:46:05","date_gmt":"2025-02-11T12:46:05","guid":{"rendered":"https:\/\/agora.xtec.cat\/escolacampclar\/?p=4705"},"modified":"2025-02-10T13:49:43","modified_gmt":"2025-02-10T12:49:43","slug":"jocs-tradicionals","status":"publish","type":"post","link":"https:\/\/agora.xtec.cat\/escolacampclar\/general\/jocs-tradicionals\/","title":{"rendered":"Jocs tradicionals"},"content":{"rendered":"<p>Aquest segon trimestre hem comen\u00e7at amb el projecte de jocs tradicionals a l&#8217;hora del pati. Els alumnes de sis\u00e8 han triat alguns jocs tradicionals en parelles o grups de tres a l&#8217;hora d&#8217;educaci\u00f3 f\u00edsica i els han preparat per poder jugar a l&#8217;hora del pati cada dijous amb els altres nens i nenes de prim\u00e0ria.<\/p>\n<p>S\u00f3n ells i elles els encarregats de fer de monitors i gestionar els diferents jocs repartits pel pati.<\/p>\n<p>Aqu\u00ed podeu veure <a href=\"https:\/\/drive.google.com\/drive\/folders\/1-96Fs9ExidB9hpzyGr0u9USjFxGNbrhh?usp=drive_link\">algunes imatges!<\/a><\/p>\n","protected":false},"excerpt":{"rendered":"<p>Aquest segon trimestre hem comen\u00e7at amb el projecte de jocs tradicionals a l&#8217;hora del pati. Els alumnes de sis\u00e8 han triat alguns jocs tradicionals en parelles o grups de tres a l&#8217;hora d&#8217;educaci\u00f3 f\u00edsica i els han preparat per poder jugar a l&#8217;hora del pati&hellip;  <a href=\"https:\/\/agora.xtec.cat\/escolacampclar\/general\/jocs-tradicionals\/\" title=\"Read Jocs tradicionals\">Llegeix m\u00e9s\u00bb<\/a><\/p>\n","protected":false},"author":14,"featured_media":4706,"comment_status":"open","ping_status":"closed","sticky":false,"template":"","format":"standard","meta":{"_bbp_topic_count":0,"_bbp_reply_count":0,"_bbp_total_topic_count":0,"_bbp_total_reply_count":0,"_bbp_voice_count":0,"_bbp_anonymous_reply_count":0,"_bbp_topic_count_hidden":0,"_bbp_reply_count_hidden":0,"_bbp_forum_subforum_count":0,"footnotes":""},"categories":[1],"tags":[],"class_list":["post-4705","post","type-post","status-publish","format-standard","has-post-thumbnail","hentry","category-general"],"post_mailing_queue_ids":[],"_links":{"self":[{"href":"https:\/\/agora.xtec.cat\/escolacampclar\/wp-json\/wp\/v2\/posts\/4705","targetHints":{"allow":["GET"]}}],"collection":[{"href":"https:\/\/agora.xtec.cat\/escolacampclar\/wp-json\/wp\/v2\/posts"}],"about":[{"href":"https:\/\/agora.xtec.cat\/escolacampclar\/wp-json\/wp\/v2\/types\/post"}],"author":[{"embeddable":true,"href":"https:\/\/agora.xtec.cat\/escolacampclar\/wp-json\/wp\/v2\/users\/14"}],"replies":[{"embeddable":true,"href":"https:\/\/agora.xtec.cat\/escolacampclar\/wp-json\/wp\/v2\/comments?post=4705"}],"version-history":[{"count":1,"href":"https:\/\/agora.xtec.cat\/escolacampclar\/wp-json\/wp\/v2\/posts\/4705\/revisions"}],"predecessor-version":[{"id":4707,"href":"https:\/\/agora.xtec.cat\/escolacampclar\/wp-json\/wp\/v2\/posts\/4705\/revisions\/4707"}],"wp:featuredmedia":[{"embeddable":true,"href":"https:\/\/agora.xtec.cat\/escolacampclar\/wp-json\/wp\/v2\/media\/4706"}],"wp:attachment":[{"href":"https:\/\/agora.xtec.cat\/escolacampclar\/wp-json\/wp\/v2\/media?parent=4705"}],"wp:term":[{"taxonomy":"category","embeddable":true,"href":"https:\/\/agora.xtec.cat\/escolacampclar\/wp-json\/wp\/v2\/categories?post=4705"},{"taxonomy":"post_tag","embeddable":true,"href":"https:\/\/agora.xtec.cat\/escolacampclar\/wp-json\/wp\/v2\/tags?post=4705"}],"curies":[{"name":"wp","href":"https:\/\/api.w.org\/{rel}","templated":true}]}}