{"id":4675,"date":"2025-01-30T23:12:27","date_gmt":"2025-01-30T22:12:27","guid":{"rendered":"https:\/\/agora.xtec.cat\/escolacampclar\/?p=4675"},"modified":"2025-01-30T23:30:55","modified_gmt":"2025-01-30T22:30:55","slug":"celebracio-del-dia-de-la-pau","status":"publish","type":"post","link":"https:\/\/agora.xtec.cat\/escolacampclar\/general\/celebracio-del-dia-de-la-pau\/","title":{"rendered":"Celebraci\u00f3 del Dia de la Pau"},"content":{"rendered":"<p>Avui hem celebrat el <strong>Dia de la Pau<\/strong> amb activitats plenes de simbolisme i emoci\u00f3. La <strong>directora<\/strong> ha inaugurat l&#8217;acte destacant valors com el respecte i la solidaritat. A continuaci\u00f3, <strong>tres alumnes de sis\u00e8<\/strong> han llegit un <strong>manifest per la pau<\/strong>, remarcant la import\u00e0ncia de la comprensi\u00f3 i l\u2019empatia.<\/p>\n<p>Tamb\u00e9 hem presentat el nostre particular <strong>Guernica de Picasso adaptat<\/strong>, una activitat per reflexionar sobre els conflictes i la import\u00e0ncia de solucions pac\u00edfiques. Finalment, ens hem unit en una gran <strong>rotllana<\/strong> i hem cantat <em>No dubtaria<\/em> com a s\u00edmbol de pau i conviv\u00e8ncia.<\/p>\n<p>Ha estat una jornada per refor\u00e7ar els valors de la pau en el nostre dia a dia. Com sempre, continuem creant records &#8230; Gr\u00e0cies per deixar-nos ser-hi.<\/p>\n<blockquote><p><em>&#8220;No hi ha cam\u00ed per a la pau. La pau \u00e9s el cam\u00ed.La f\u00ed est\u00e0 en els mitjans,com l\u00b4arbre est\u00e0 en la llavor.&#8221; (Ghandi)<\/em><\/p><\/blockquote>\n<p><strong><em>Cliquem a la foto?<\/em><\/strong><\/p>\n<p><a href=\"https:\/\/drive.google.com\/drive\/folders\/1jekYyudN68VBuoc9qNB2nQYm9WofNblN?usp=sharing\" target=\"_blank\" rel=\"noopener\"><img loading=\"lazy\" decoding=\"async\" class=\"alignnone size-large wp-image-4689\" src=\"https:\/\/agora.xtec.cat\/escolacampclar\/wp-content\/uploads\/usu687\/2025\/01\/WhatsApp-Image-2025-01-30-at-17.18.12-1-1024x768.jpeg\" alt=\"\" width=\"1024\" height=\"768\" srcset=\"https:\/\/agora.xtec.cat\/escolacampclar\/wp-content\/uploads\/usu687\/2025\/01\/WhatsApp-Image-2025-01-30-at-17.18.12-1-1024x768.jpeg 1024w, https:\/\/agora.xtec.cat\/escolacampclar\/wp-content\/uploads\/usu687\/2025\/01\/WhatsApp-Image-2025-01-30-at-17.18.12-1-300x225.jpeg 300w, https:\/\/agora.xtec.cat\/escolacampclar\/wp-content\/uploads\/usu687\/2025\/01\/WhatsApp-Image-2025-01-30-at-17.18.12-1-768x576.jpeg 768w, https:\/\/agora.xtec.cat\/escolacampclar\/wp-content\/uploads\/usu687\/2025\/01\/WhatsApp-Image-2025-01-30-at-17.18.12-1-1536x1152.jpeg 1536w, https:\/\/agora.xtec.cat\/escolacampclar\/wp-content\/uploads\/usu687\/2025\/01\/WhatsApp-Image-2025-01-30-at-17.18.12-1-200x150.jpeg 200w, https:\/\/agora.xtec.cat\/escolacampclar\/wp-content\/uploads\/usu687\/2025\/01\/WhatsApp-Image-2025-01-30-at-17.18.12-1.jpeg 1600w\" sizes=\"auto, (max-width: 1024px) 100vw, 1024px\" \/><\/a><\/p>\n<p>&nbsp;<\/p>\n<p>&nbsp;<\/p>\n","protected":false},"excerpt":{"rendered":"<p>Avui hem celebrat el Dia de la Pau amb activitats plenes de simbolisme i emoci\u00f3. La directora ha inaugurat l&#8217;acte destacant valors com el respecte i la solidaritat. A continuaci\u00f3, tres alumnes de sis\u00e8 han llegit un manifest per la pau, remarcant la import\u00e0ncia de&hellip;  <a href=\"https:\/\/agora.xtec.cat\/escolacampclar\/general\/celebracio-del-dia-de-la-pau\/\" title=\"Read Celebraci\u00f3 del Dia de la Pau\">Llegeix m\u00e9s\u00bb<\/a><\/p>\n","protected":false},"author":30,"featured_media":4689,"comment_status":"open","ping_status":"closed","sticky":false,"template":"","format":"standard","meta":{"_bbp_topic_count":0,"_bbp_reply_count":0,"_bbp_total_topic_count":0,"_bbp_total_reply_count":0,"_bbp_voice_count":0,"_bbp_anonymous_reply_count":0,"_bbp_topic_count_hidden":0,"_bbp_reply_count_hidden":0,"_bbp_forum_subforum_count":0,"footnotes":""},"categories":[344,29,1],"tags":[],"class_list":["post-4675","post","type-post","status-publish","format-standard","has-post-thumbnail","hentry","category-escola-campclar","category-festes","category-general"],"post_mailing_queue_ids":[],"_links":{"self":[{"href":"https:\/\/agora.xtec.cat\/escolacampclar\/wp-json\/wp\/v2\/posts\/4675","targetHints":{"allow":["GET"]}}],"collection":[{"href":"https:\/\/agora.xtec.cat\/escolacampclar\/wp-json\/wp\/v2\/posts"}],"about":[{"href":"https:\/\/agora.xtec.cat\/escolacampclar\/wp-json\/wp\/v2\/types\/post"}],"author":[{"embeddable":true,"href":"https:\/\/agora.xtec.cat\/escolacampclar\/wp-json\/wp\/v2\/users\/30"}],"replies":[{"embeddable":true,"href":"https:\/\/agora.xtec.cat\/escolacampclar\/wp-json\/wp\/v2\/comments?post=4675"}],"version-history":[{"count":5,"href":"https:\/\/agora.xtec.cat\/escolacampclar\/wp-json\/wp\/v2\/posts\/4675\/revisions"}],"predecessor-version":[{"id":4701,"href":"https:\/\/agora.xtec.cat\/escolacampclar\/wp-json\/wp\/v2\/posts\/4675\/revisions\/4701"}],"wp:featuredmedia":[{"embeddable":true,"href":"https:\/\/agora.xtec.cat\/escolacampclar\/wp-json\/wp\/v2\/media\/4689"}],"wp:attachment":[{"href":"https:\/\/agora.xtec.cat\/escolacampclar\/wp-json\/wp\/v2\/media?parent=4675"}],"wp:term":[{"taxonomy":"category","embeddable":true,"href":"https:\/\/agora.xtec.cat\/escolacampclar\/wp-json\/wp\/v2\/categories?post=4675"},{"taxonomy":"post_tag","embeddable":true,"href":"https:\/\/agora.xtec.cat\/escolacampclar\/wp-json\/wp\/v2\/tags?post=4675"}],"curies":[{"name":"wp","href":"https:\/\/api.w.org\/{rel}","templated":true}]}}