{"id":4660,"date":"2024-12-20T09:51:26","date_gmt":"2024-12-20T08:51:26","guid":{"rendered":"https:\/\/agora.xtec.cat\/escolacampclar\/?p=4660"},"modified":"2024-12-20T09:56:12","modified_gmt":"2024-12-20T08:56:12","slug":"festival-de-nadal-2024","status":"publish","type":"post","link":"https:\/\/agora.xtec.cat\/escolacampclar\/general\/festival-de-nadal-2024\/","title":{"rendered":"Festival de Nadal 2024"},"content":{"rendered":"<p>Ahir, l\u2019escola va celebrar un festival de Nadal m\u00e0gic ple de m\u00fasica i emoci\u00f3! Els pares i fam\u00edlies van gaudir d\u2019un espectacle especial que va incloure un grup coral format per alumnes de diferents cursos. El mestre de m\u00fasica va preparar amb cura cada detall, des de les nadales amb els grups classe fins a les actuacions grupals de la coral. Va ser una ocasi\u00f3 \u00fanica per compartir l\u2019esperit nadalenc i mostrar el talent dels nostres petits artistes. Un dia m\u00e9s per a continuar creant records a l&#8217;Escola Campclar! Seguirem creant-ne &#8230;<\/p>\n<p><em><strong>Cliqueu a la foto!<\/strong><\/em><\/p>\n<p><a href=\"https:\/\/drive.google.com\/drive\/folders\/1sB2zdxLpphZ-EIJgEOIZvMZT7Sg8L9LB?usp=sharing\" target=\"_blank\" rel=\"noopener\"><img loading=\"lazy\" decoding=\"async\" class=\"alignnone size-large wp-image-4662\" src=\"https:\/\/agora.xtec.cat\/escolacampclar\/wp-content\/uploads\/usu687\/2024\/12\/Captura-de-pantalla-2024-festival-nadal-1024x422.png\" alt=\"\" width=\"1024\" height=\"422\" srcset=\"https:\/\/agora.xtec.cat\/escolacampclar\/wp-content\/uploads\/usu687\/2024\/12\/Captura-de-pantalla-2024-festival-nadal-1024x422.png 1024w, https:\/\/agora.xtec.cat\/escolacampclar\/wp-content\/uploads\/usu687\/2024\/12\/Captura-de-pantalla-2024-festival-nadal-300x124.png 300w, https:\/\/agora.xtec.cat\/escolacampclar\/wp-content\/uploads\/usu687\/2024\/12\/Captura-de-pantalla-2024-festival-nadal-768x317.png 768w, https:\/\/agora.xtec.cat\/escolacampclar\/wp-content\/uploads\/usu687\/2024\/12\/Captura-de-pantalla-2024-festival-nadal.png 1087w\" sizes=\"auto, (max-width: 1024px) 100vw, 1024px\" \/><\/a><\/p>\n","protected":false},"excerpt":{"rendered":"<p>Ahir, l\u2019escola va celebrar un festival de Nadal m\u00e0gic ple de m\u00fasica i emoci\u00f3! Els pares i fam\u00edlies van gaudir d\u2019un espectacle especial que va incloure un grup coral format per alumnes de diferents cursos. El mestre de m\u00fasica va preparar amb cura cada detall,&hellip;  <a href=\"https:\/\/agora.xtec.cat\/escolacampclar\/general\/festival-de-nadal-2024\/\" title=\"Read Festival de Nadal 2024\">Llegeix m\u00e9s\u00bb<\/a><\/p>\n","protected":false},"author":30,"featured_media":4662,"comment_status":"open","ping_status":"closed","sticky":false,"template":"","format":"standard","meta":{"_bbp_topic_count":0,"_bbp_reply_count":0,"_bbp_total_topic_count":0,"_bbp_total_reply_count":0,"_bbp_voice_count":0,"_bbp_anonymous_reply_count":0,"_bbp_topic_count_hidden":0,"_bbp_reply_count_hidden":0,"_bbp_forum_subforum_count":0,"footnotes":""},"categories":[345,344,29,1,31],"tags":[],"class_list":["post-4660","post","type-post","status-publish","format-standard","has-post-thumbnail","hentry","category-campclar","category-escola-campclar","category-festes","category-general","category-musica"],"post_mailing_queue_ids":[],"_links":{"self":[{"href":"https:\/\/agora.xtec.cat\/escolacampclar\/wp-json\/wp\/v2\/posts\/4660","targetHints":{"allow":["GET"]}}],"collection":[{"href":"https:\/\/agora.xtec.cat\/escolacampclar\/wp-json\/wp\/v2\/posts"}],"about":[{"href":"https:\/\/agora.xtec.cat\/escolacampclar\/wp-json\/wp\/v2\/types\/post"}],"author":[{"embeddable":true,"href":"https:\/\/agora.xtec.cat\/escolacampclar\/wp-json\/wp\/v2\/users\/30"}],"replies":[{"embeddable":true,"href":"https:\/\/agora.xtec.cat\/escolacampclar\/wp-json\/wp\/v2\/comments?post=4660"}],"version-history":[{"count":2,"href":"https:\/\/agora.xtec.cat\/escolacampclar\/wp-json\/wp\/v2\/posts\/4660\/revisions"}],"predecessor-version":[{"id":4665,"href":"https:\/\/agora.xtec.cat\/escolacampclar\/wp-json\/wp\/v2\/posts\/4660\/revisions\/4665"}],"wp:featuredmedia":[{"embeddable":true,"href":"https:\/\/agora.xtec.cat\/escolacampclar\/wp-json\/wp\/v2\/media\/4662"}],"wp:attachment":[{"href":"https:\/\/agora.xtec.cat\/escolacampclar\/wp-json\/wp\/v2\/media?parent=4660"}],"wp:term":[{"taxonomy":"category","embeddable":true,"href":"https:\/\/agora.xtec.cat\/escolacampclar\/wp-json\/wp\/v2\/categories?post=4660"},{"taxonomy":"post_tag","embeddable":true,"href":"https:\/\/agora.xtec.cat\/escolacampclar\/wp-json\/wp\/v2\/tags?post=4660"}],"curies":[{"name":"wp","href":"https:\/\/api.w.org\/{rel}","templated":true}]}}