{"id":4657,"date":"2024-12-18T15:24:14","date_gmt":"2024-12-18T14:24:14","guid":{"rendered":"https:\/\/agora.xtec.cat\/escolacampclar\/?p=4657"},"modified":"2024-12-18T15:32:31","modified_gmt":"2024-12-18T14:32:31","slug":"handbol-en-familia-a-lescola","status":"publish","type":"post","link":"https:\/\/agora.xtec.cat\/escolacampclar\/general\/handbol-en-familia-a-lescola\/","title":{"rendered":"Handbol en fam\u00edlia a l&#8217;escola"},"content":{"rendered":"<p>Ahir, l\u2019escola va celebrar una jornada de portes obertes amb un gran esdeveniment esportiu centrat en l\u2019handbol. Despr\u00e9s de setmanes practicant aquest esport a les classes d\u2019educaci\u00f3 f\u00edsica, els alumnes de 4t a 6\u00e8 van mostrar tot el que han apr\u00e8s en un emocionant campionat per equips.<\/p>\n<p>El punt culminant del dia va ser el partit final, on pares i mares es van unir als seus fills per gaudir d\u2019una experi\u00e8ncia esportiva \u00fanica. Una jornada plena de diversi\u00f3 i companyonia que va refor\u00e7ar els lla\u00e7os entre fam\u00edlies i escola. Felicitats a totes les mares i pares per la vostra participaci\u00f3! Vam veure molt bones maneres i alguns pares\/mares que semblaven professionals!<\/p>\n<p><a href=\"https:\/\/drive.google.com\/drive\/folders\/1TJE6Mg98n9rtVsb20M_-9td4zL5YR7ol?usp=sharing\" target=\"_blank\" rel=\"noopener\"><img loading=\"lazy\" decoding=\"async\" class=\"alignnone size-large wp-image-4658\" src=\"https:\/\/agora.xtec.cat\/escolacampclar\/wp-content\/uploads\/usu687\/2024\/12\/WhatsApp-Image-2024-12-18-at-10.13.34-1024x768.jpeg\" alt=\"\" width=\"1024\" height=\"768\" srcset=\"https:\/\/agora.xtec.cat\/escolacampclar\/wp-content\/uploads\/usu687\/2024\/12\/WhatsApp-Image-2024-12-18-at-10.13.34-1024x768.jpeg 1024w, https:\/\/agora.xtec.cat\/escolacampclar\/wp-content\/uploads\/usu687\/2024\/12\/WhatsApp-Image-2024-12-18-at-10.13.34-300x225.jpeg 300w, https:\/\/agora.xtec.cat\/escolacampclar\/wp-content\/uploads\/usu687\/2024\/12\/WhatsApp-Image-2024-12-18-at-10.13.34-768x576.jpeg 768w, https:\/\/agora.xtec.cat\/escolacampclar\/wp-content\/uploads\/usu687\/2024\/12\/WhatsApp-Image-2024-12-18-at-10.13.34-1536x1152.jpeg 1536w, https:\/\/agora.xtec.cat\/escolacampclar\/wp-content\/uploads\/usu687\/2024\/12\/WhatsApp-Image-2024-12-18-at-10.13.34-200x150.jpeg 200w, https:\/\/agora.xtec.cat\/escolacampclar\/wp-content\/uploads\/usu687\/2024\/12\/WhatsApp-Image-2024-12-18-at-10.13.34.jpeg 2048w\" sizes=\"auto, (max-width: 1024px) 100vw, 1024px\" \/><\/a><\/p>\n","protected":false},"excerpt":{"rendered":"<p>Ahir, l\u2019escola va celebrar una jornada de portes obertes amb un gran esdeveniment esportiu centrat en l\u2019handbol. Despr\u00e9s de setmanes practicant aquest esport a les classes d\u2019educaci\u00f3 f\u00edsica, els alumnes de 4t a 6\u00e8 van mostrar tot el que han apr\u00e8s en un emocionant campionat&hellip;  <a href=\"https:\/\/agora.xtec.cat\/escolacampclar\/general\/handbol-en-familia-a-lescola\/\" title=\"Read Handbol en fam\u00edlia a l&#8217;escola\">Llegeix m\u00e9s\u00bb<\/a><\/p>\n","protected":false},"author":30,"featured_media":4658,"comment_status":"open","ping_status":"closed","sticky":false,"template":"","format":"standard","meta":{"_bbp_topic_count":0,"_bbp_reply_count":0,"_bbp_total_topic_count":0,"_bbp_total_reply_count":0,"_bbp_voice_count":0,"_bbp_anonymous_reply_count":0,"_bbp_topic_count_hidden":0,"_bbp_reply_count_hidden":0,"_bbp_forum_subforum_count":0,"footnotes":""},"categories":[26,27,344,1,430],"tags":[],"class_list":["post-4657","post","type-post","status-publish","format-standard","has-post-thumbnail","hentry","category-cicle-superior","category-e-fisica","category-escola-campclar","category-general","category-jocs"],"post_mailing_queue_ids":[],"_links":{"self":[{"href":"https:\/\/agora.xtec.cat\/escolacampclar\/wp-json\/wp\/v2\/posts\/4657","targetHints":{"allow":["GET"]}}],"collection":[{"href":"https:\/\/agora.xtec.cat\/escolacampclar\/wp-json\/wp\/v2\/posts"}],"about":[{"href":"https:\/\/agora.xtec.cat\/escolacampclar\/wp-json\/wp\/v2\/types\/post"}],"author":[{"embeddable":true,"href":"https:\/\/agora.xtec.cat\/escolacampclar\/wp-json\/wp\/v2\/users\/30"}],"replies":[{"embeddable":true,"href":"https:\/\/agora.xtec.cat\/escolacampclar\/wp-json\/wp\/v2\/comments?post=4657"}],"version-history":[{"count":1,"href":"https:\/\/agora.xtec.cat\/escolacampclar\/wp-json\/wp\/v2\/posts\/4657\/revisions"}],"predecessor-version":[{"id":4659,"href":"https:\/\/agora.xtec.cat\/escolacampclar\/wp-json\/wp\/v2\/posts\/4657\/revisions\/4659"}],"wp:featuredmedia":[{"embeddable":true,"href":"https:\/\/agora.xtec.cat\/escolacampclar\/wp-json\/wp\/v2\/media\/4658"}],"wp:attachment":[{"href":"https:\/\/agora.xtec.cat\/escolacampclar\/wp-json\/wp\/v2\/media?parent=4657"}],"wp:term":[{"taxonomy":"category","embeddable":true,"href":"https:\/\/agora.xtec.cat\/escolacampclar\/wp-json\/wp\/v2\/categories?post=4657"},{"taxonomy":"post_tag","embeddable":true,"href":"https:\/\/agora.xtec.cat\/escolacampclar\/wp-json\/wp\/v2\/tags?post=4657"}],"curies":[{"name":"wp","href":"https:\/\/api.w.org\/{rel}","templated":true}]}}