{"id":4651,"date":"2024-12-18T09:25:13","date_gmt":"2024-12-18T08:25:13","guid":{"rendered":"https:\/\/agora.xtec.cat\/escolacampclar\/?p=4651"},"modified":"2024-12-18T15:33:00","modified_gmt":"2024-12-18T14:33:00","slug":"nadales-en-angles","status":"publish","type":"post","link":"https:\/\/agora.xtec.cat\/escolacampclar\/general\/nadales-en-angles\/","title":{"rendered":"Nadales en angl\u00e8s"},"content":{"rendered":"<p>Aquest dimarts, els alumnes de segon a sis\u00e8 de prim\u00e0ria van celebrar el Festival de Nadales en angl\u00e8s a l\u2019escola. Despr\u00e9s de setmanes d\u2019assajos, cada grup va interpretar can\u00e7ons nadalenques que reflectien el seu esfor\u00e7 i entusiasme. Les actuacions van combinar m\u00fasica i aprenentatge de l\u2019angl\u00e8s, oferint una experi\u00e8ncia \u00fanica per a tots els participants. Aquest esdeveniment no nom\u00e9s promou l\u2019\u00fas de l\u2019angl\u00e8s en un entorn creatiu, sin\u00f3 que tamb\u00e9 refor\u00e7a valors com la cooperaci\u00f3 i l\u2019alegria compartida.<\/p>\n<p>Els alumnes van gaudir molt del moment, creant records que segur perduraran m\u00e9s enll\u00e0 d\u2019aquestes festes! Aix\u00ed que continuarem creant records inoblidables pels nostres infants.<\/p>\n<p>Clicar a la foto!<a style=\"font-family: inherit; font-size: 1em;\" href=\"https:\/\/drive.google.com\/drive\/folders\/1-m2ZWzBSU4LGxzmiDPva_OsPK5BIgx6Y?usp=sharing\"><img loading=\"lazy\" decoding=\"async\" class=\"alignnone size-large wp-image-4654\" src=\"https:\/\/agora.xtec.cat\/escolacampclar\/wp-content\/uploads\/usu687\/2024\/12\/IMG_5749-light-1024x768.jpg\" alt=\"\" width=\"1024\" height=\"768\" srcset=\"https:\/\/agora.xtec.cat\/escolacampclar\/wp-content\/uploads\/usu687\/2024\/12\/IMG_5749-light-1024x768.jpg 1024w, https:\/\/agora.xtec.cat\/escolacampclar\/wp-content\/uploads\/usu687\/2024\/12\/IMG_5749-light-300x225.jpg 300w, https:\/\/agora.xtec.cat\/escolacampclar\/wp-content\/uploads\/usu687\/2024\/12\/IMG_5749-light-768x576.jpg 768w, https:\/\/agora.xtec.cat\/escolacampclar\/wp-content\/uploads\/usu687\/2024\/12\/IMG_5749-light-1536x1152.jpg 1536w, https:\/\/agora.xtec.cat\/escolacampclar\/wp-content\/uploads\/usu687\/2024\/12\/IMG_5749-light-2048x1536.jpg 2048w, https:\/\/agora.xtec.cat\/escolacampclar\/wp-content\/uploads\/usu687\/2024\/12\/IMG_5749-light-200x150.jpg 200w\" sizes=\"auto, (max-width: 1024px) 100vw, 1024px\" \/><\/a><\/p>\n<p><a href=\"https:\/\/agora.xtec.cat\/escolacampclar\/wp-content\/uploads\/usu687\/2024\/12\/IMG_5749.heic\"><img decoding=\"async\" class=\"alignnone size-full wp-image-4653\" src=\"https:\/\/agora.xtec.cat\/escolacampclar\/wp-content\/uploads\/usu687\/2024\/12\/IMG_5749.heic\" alt=\"\" \/><\/a><\/p>\n","protected":false},"excerpt":{"rendered":"<p>Aquest dimarts, els alumnes de segon a sis\u00e8 de prim\u00e0ria van celebrar el Festival de Nadales en angl\u00e8s a l\u2019escola. Despr\u00e9s de setmanes d\u2019assajos, cada grup va interpretar can\u00e7ons nadalenques que reflectien el seu esfor\u00e7 i entusiasme. Les actuacions van combinar m\u00fasica i aprenentatge de&hellip;  <a href=\"https:\/\/agora.xtec.cat\/escolacampclar\/general\/nadales-en-angles\/\" title=\"Read Nadales en angl\u00e8s\">Llegeix m\u00e9s\u00bb<\/a><\/p>\n","protected":false},"author":30,"featured_media":4654,"comment_status":"open","ping_status":"closed","sticky":false,"template":"","format":"standard","meta":{"_bbp_topic_count":0,"_bbp_reply_count":0,"_bbp_total_topic_count":0,"_bbp_total_reply_count":0,"_bbp_voice_count":0,"_bbp_anonymous_reply_count":0,"_bbp_topic_count_hidden":0,"_bbp_reply_count_hidden":0,"_bbp_forum_subforum_count":0,"footnotes":""},"categories":[344,29,1],"tags":[],"class_list":["post-4651","post","type-post","status-publish","format-standard","has-post-thumbnail","hentry","category-escola-campclar","category-festes","category-general"],"post_mailing_queue_ids":[],"_links":{"self":[{"href":"https:\/\/agora.xtec.cat\/escolacampclar\/wp-json\/wp\/v2\/posts\/4651","targetHints":{"allow":["GET"]}}],"collection":[{"href":"https:\/\/agora.xtec.cat\/escolacampclar\/wp-json\/wp\/v2\/posts"}],"about":[{"href":"https:\/\/agora.xtec.cat\/escolacampclar\/wp-json\/wp\/v2\/types\/post"}],"author":[{"embeddable":true,"href":"https:\/\/agora.xtec.cat\/escolacampclar\/wp-json\/wp\/v2\/users\/30"}],"replies":[{"embeddable":true,"href":"https:\/\/agora.xtec.cat\/escolacampclar\/wp-json\/wp\/v2\/comments?post=4651"}],"version-history":[{"count":1,"href":"https:\/\/agora.xtec.cat\/escolacampclar\/wp-json\/wp\/v2\/posts\/4651\/revisions"}],"predecessor-version":[{"id":4656,"href":"https:\/\/agora.xtec.cat\/escolacampclar\/wp-json\/wp\/v2\/posts\/4651\/revisions\/4656"}],"wp:featuredmedia":[{"embeddable":true,"href":"https:\/\/agora.xtec.cat\/escolacampclar\/wp-json\/wp\/v2\/media\/4654"}],"wp:attachment":[{"href":"https:\/\/agora.xtec.cat\/escolacampclar\/wp-json\/wp\/v2\/media?parent=4651"}],"wp:term":[{"taxonomy":"category","embeddable":true,"href":"https:\/\/agora.xtec.cat\/escolacampclar\/wp-json\/wp\/v2\/categories?post=4651"},{"taxonomy":"post_tag","embeddable":true,"href":"https:\/\/agora.xtec.cat\/escolacampclar\/wp-json\/wp\/v2\/tags?post=4651"}],"curies":[{"name":"wp","href":"https:\/\/api.w.org\/{rel}","templated":true}]}}